{"id":8145,"date":"2026-08-28T13:38:23","date_gmt":"2026-08-28T11:38:23","guid":{"rendered":"https:\/\/telemusic.fr\/blog\/actualites-musicales\/rentree-musicale-2026-mylene-farmer-ninho-pierre-de-maere-les-albums-attendus\/"},"modified":"2026-08-28T13:38:23","modified_gmt":"2026-08-28T11:38:23","slug":"rentree-musicale-2026-mylene-farmer-ninho-pierre-de-maere-les-albums-attendus","status":"publish","type":"post","link":"https:\/\/telemusic.fr\/blog\/actualites-musicales\/rentree-musicale-2026-mylene-farmer-ninho-pierre-de-maere-les-albums-attendus\/","title":{"rendered":"Rentr\u00e9e musicale 2026 : Myl\u00e8ne Farmer, Ninho, Pierre de Maere \u2014 les albums attendus"},"content":{"rendered":"<p><strong>La rentr\u00e9e musicale 2026 s&rsquo;annonce exceptionnelle c\u00f4t\u00e9 francophone : Myl\u00e8ne Farmer publiera \u00ab \u00c9gr\u00e9gore \u00bb, son treizi\u00e8me album studio, d\u00e9j\u00e0 pr\u00e9c\u00e9d\u00e9 du single \u00e9lectro \u00ab C&rsquo;est \u00e0 qui le tour \u00bb, Pierre de Maere ouvre le bal avec \u00ab Ave de Maere \u00bb le 25 septembre, et Ninho ferme sa saga culte avec \u00ab M.I.L.S 4 \u00bb.<\/strong> Ang\u00e8le et Charlotte Cardin compl\u00e8tent une saison qui s&rsquo;annonce charg\u00e9e jusqu&rsquo;\u00e0 No\u00ebl.<\/p>\n<div class=\"encart-bref\">\n<p><strong>En bref<\/strong><\/p>\n<ul>\n<li><strong>Myl\u00e8ne Farmer \u2014 \u00ab \u00c9gr\u00e9gore \u00bb<\/strong> : 13e album studio, single \u00ab C&rsquo;est \u00e0 qui le tour \u00bb d\u00e9j\u00e0 sorti.<\/li>\n<li><strong>Pierre de Maere \u2014 \u00ab Ave de Maere \u00bb<\/strong> : deuxi\u00e8me album, attendu le <strong>25 septembre<\/strong>.<\/li>\n<li><strong>Ninho \u2014 \u00ab M.I.L.S 4 \u00bb<\/strong> : le dernier chapitre d&rsquo;une s\u00e9rie embl\u00e9matique du rap fran\u00e7ais.<\/li>\n<li><strong>Ang\u00e8le<\/strong> et <strong>Charlotte Cardin<\/strong> (3e album \u00e0 l&rsquo;automne) \u00e9galement attendues.<\/li>\n<\/ul>\n<\/div>\n<h2>Myl\u00e8ne Farmer : le retour \u00e9v\u00e9nement<\/h2>\n<p>C&rsquo;est LE poids lourd de la saison : avec <strong>\u00ab \u00c9gr\u00e9gore \u00bb, son treizi\u00e8me album studio<\/strong>, Myl\u00e8ne Farmer signe un retour tr\u00e8s attendu, amorc\u00e9 par le single <strong>\u00ab C&rsquo;est \u00e0 qui le tour \u00bb<\/strong>, aux sonorit\u00e9s \u00e9lectro. Chaque album de la chanteuse \u00e9tant un \u00e9v\u00e9nement commercial en soi \u2014 elle reste l&rsquo;une des artistes fran\u00e7aises les plus vendeuses de l&rsquo;histoire \u2014, la rentr\u00e9e discographique se jouera en grande partie sur cette sortie.<\/p>\n<h2>Ninho boucle sa saga M.I.L.S<\/h2>\n<p>Dans le rap, l&rsquo;\u00e9v\u00e9nement s&rsquo;appelle <strong>\u00ab M.I.L.S 4 \u00bb<\/strong>. Ninho referme avec ce projet une s\u00e9rie devenue embl\u00e9matique, pens\u00e9e comme <strong>la synth\u00e8se de son ascension et de son \u00e9criture<\/strong> \u2014 la conclusion d&rsquo;un feuilleton que ses fans suivent depuis ses d\u00e9buts. Les pr\u00e9c\u00e9dents volumes ayant tous marqu\u00e9 les classements de streaming, le quatri\u00e8me est attendu comme l&rsquo;une des plus grosses performances de l&rsquo;ann\u00e9e.<\/p>\n<h2>La rel\u00e8ve : Pierre de Maere en \u00e9claireur<\/h2>\n<p>Premier gros rendez-vous dat\u00e9 de l&rsquo;automne : <strong>\u00ab Ave de Maere \u00bb, le 25 septembre<\/strong>. Le Belge, r\u00e9v\u00e9l\u00e9 par \u00ab Un jour je marierai un ange \u00bb, confirme avec ce deuxi\u00e8me album qu&rsquo;il est pass\u00e9 du statut de r\u00e9v\u00e9lation \u00e0 celui de valeur install\u00e9e de la pop francophone. C\u00f4t\u00e9 international francophone toujours, <strong>Charlotte Cardin<\/strong> pr\u00e9pare un troisi\u00e8me album pour l&rsquo;automne, dont le titre et la date restent secrets malgr\u00e9 plusieurs aper\u00e7us d\u00e9j\u00e0 d\u00e9voil\u00e9s \u2014 et le retour d&rsquo;<strong>Ang\u00e8le<\/strong> figure parmi les plus attendus des r\u00e9dactions musicales.<\/p>\n<h2>Les sorties \u00e0 suivre<\/h2>\n<table>\n<thead>\n<tr>\n<th>Artiste<\/th>\n<th>Album<\/th>\n<th>Quand<\/th>\n<\/tr>\n<\/thead>\n<tbody>\n<tr>\n<td>Pierre de Maere<\/td>\n<td>Ave de Maere<\/td>\n<td>25 septembre<\/td>\n<\/tr>\n<tr>\n<td>Myl\u00e8ne Farmer<\/td>\n<td>\u00c9gr\u00e9gore<\/td>\n<td>Rentr\u00e9e 2026 (single d\u00e9j\u00e0 sorti)<\/td>\n<\/tr>\n<tr>\n<td>Ninho<\/td>\n<td>M.I.L.S 4<\/td>\n<td>Saison 2026-2027<\/td>\n<\/tr>\n<tr>\n<td>Charlotte Cardin<\/td>\n<td>3e album (titre secret)<\/td>\n<td>Automne 2026<\/td>\n<\/tr>\n<\/tbody>\n<\/table>\n<blockquote>\n<p>Une rentr\u00e9e qui aligne la plus grande vendeuse de la vari\u00e9t\u00e9 fran\u00e7aise, le rappeur le plus r\u00e9gulier du streaming et la nouvelle garde pop : les plateformes vont vivre un automne dense.<\/p>\n<\/blockquote>\n<h2>FAQ<\/h2>\n<details>\n<summary>Quel est le nouvel album de Myl\u00e8ne Farmer ?<\/summary>\n<p>\u00ab \u00c9gr\u00e9gore \u00bb, son treizi\u00e8me album studio, annonc\u00e9 pour la rentr\u00e9e 2026 et pr\u00e9c\u00e9d\u00e9 du single \u00e9lectro \u00ab C&rsquo;est \u00e0 qui le tour \u00bb.<\/p>\n<\/details>\n<details>\n<summary>Quand sort l&rsquo;album de Pierre de Maere ?<\/summary>\n<p>\u00ab Ave de Maere \u00bb, son deuxi\u00e8me album, est attendu le 25 septembre 2026.<\/p>\n<\/details>\n<details>\n<summary>Que pr\u00e9pare Ninho ?<\/summary>\n<p>\u00ab M.I.L.S 4 \u00bb, dernier volet de sa s\u00e9rie d&rsquo;albums embl\u00e9matique, pens\u00e9 comme la synth\u00e8se de son parcours.<\/p>\n<\/details>\n<h2>\u00c0 retenir<\/h2>\n<p>Entre le retour \u00e9v\u00e9nement de <strong>Myl\u00e8ne Farmer<\/strong>, la conclusion de la saga <strong>M.I.L.S<\/strong> de Ninho et la confirmation de <strong>Pierre de Maere<\/strong> le 25 septembre, la rentr\u00e9e musicale 2026 promet des semaines charg\u00e9es \u2014 on vous d\u00e9taillera chaque sortie au fil de l&rsquo;automne.<\/p>\n<p><em>Sources : <a href=\"https:\/\/www.nrj.fr\/actus\/musique\/angele-charlotte-cardin-voici-les-albums-les-plus-attendus-de-la-rentree-2026-71366916\" rel=\"nofollow\">NRJ<\/a>, <a href=\"https:\/\/www.cnews.fr\/culture\/2026-08-16\/musique-voici-10-albums-parmi-les-plus-attendus-de-la-rentree-2026-2027-1897470\" rel=\"nofollow\">CNews<\/a>.<\/em><\/p>\n<p><script type=\"application\/ld+json\">{\"@context\":\"https:\/\/schema.org\",\"@type\":\"FAQPage\",\"mainEntity\":[{\"@type\":\"Question\",\"name\":\"Quel est le nouvel album de Myl\u00e8ne Farmer ?\",\"acceptedAnswer\":{\"@type\":\"Answer\",\"text\":\"\u00ab \u00c9gr\u00e9gore \u00bb, son treizi\u00e8me album studio, annonc\u00e9 pour la rentr\u00e9e 2026 et pr\u00e9c\u00e9d\u00e9 du single \u00e9lectro \u00ab C'est \u00e0 qui le tour \u00bb.\"}},{\"@type\":\"Question\",\"name\":\"Quand sort l'album de Pierre de Maere ?\",\"acceptedAnswer\":{\"@type\":\"Answer\",\"text\":\"\u00ab Ave de Maere \u00bb, son deuxi\u00e8me album, est attendu le 25 septembre 2026.\"}},{\"@type\":\"Question\",\"name\":\"Que pr\u00e9pare Ninho ?\",\"acceptedAnswer\":{\"@type\":\"Answer\",\"text\":\"\u00ab M.I.L.S 4 \u00bb, dernier volet de sa s\u00e9rie d'albums embl\u00e9matique, pens\u00e9 comme la synth\u00e8se de son parcours.\"}}]}<\/script><\/p>\n","protected":false},"excerpt":{"rendered":"","protected":false},"author":42,"featured_media":8146,"comment_status":"open","ping_status":"open","sticky":false,"template":"","format":"standard","meta":{"_acf_changed":false,"manual_indexmenow":false,"indexmenow_id_project":0,"footnotes":""},"categories":[4522],"tags":[],"class_list":["post-8145","post","type-post","status-publish","format-standard","has-post-thumbnail","hentry","category-actualites-musicales","generate-columns","tablet-grid-50","mobile-grid-100","grid-parent","grid-25"],"acf":[],"yoast_head":"<!-- This site is optimized with the Yoast SEO Premium plugin v21.3 (Yoast SEO v25.4) - https:\/\/yoast.com\/wordpress\/plugins\/seo\/ -->\n<title>Rentr\u00e9e musicale 2026 : Farmer, Ninho, de Maere attendus<\/title>\n<meta name=\"description\" content=\"\u00c9gr\u00e9gore de Myl\u00e8ne Farmer, M.I.L.S 4 de Ninho, Ave de Maere le 25 septembre : le point sur les albums fran\u00e7ais les plus attendus de la rentr\u00e9e 2026.\" \/>\n<meta name=\"robots\" content=\"index, follow, max-snippet:-1, max-image-preview:large, max-video-preview:-1\" \/>\n<link rel=\"canonical\" href=\"https:\/\/telemusic.fr\/blog\/actualites-musicales\/rentree-musicale-2026-mylene-farmer-ninho-pierre-de-maere-les-albums-attendus\/\" \/>\n<meta property=\"og:locale\" content=\"fr_FR\" \/>\n<meta property=\"og:type\" content=\"article\" \/>\n<meta property=\"og:title\" content=\"Rentr\u00e9e musicale 2026 : Farmer, Ninho, de Maere attendus\" \/>\n<meta property=\"og:description\" content=\"\u00c9gr\u00e9gore de Myl\u00e8ne Farmer, M.I.L.S 4 de Ninho, Ave de Maere le 25 septembre : le point sur les albums fran\u00e7ais les plus attendus de la rentr\u00e9e 2026.\" \/>\n<meta property=\"og:url\" content=\"https:\/\/telemusic.fr\/blog\/actualites-musicales\/rentree-musicale-2026-mylene-farmer-ninho-pierre-de-maere-les-albums-attendus\/\" \/>\n<meta property=\"og:site_name\" content=\"telemusic.\" \/>\n<meta name=\"author\" content=\"Antoine Bernard\" \/>\n<meta name=\"twitter:card\" content=\"summary_large_image\" \/>\n<script type=\"application\/ld+json\" class=\"yoast-schema-graph\">{\"@context\":\"https:\/\/schema.org\",\"@graph\":[{\"@type\":\"NewsArticle\",\"@id\":\"https:\/\/telemusic.fr\/blog\/actualites-musicales\/rentree-musicale-2026-mylene-farmer-ninho-pierre-de-maere-les-albums-attendus\/#article\",\"isPartOf\":{\"@id\":\"https:\/\/telemusic.fr\/blog\/actualites-musicales\/rentree-musicale-2026-mylene-farmer-ninho-pierre-de-maere-les-albums-attendus\/\"},\"author\":{\"name\":\"Antoine Bernard\",\"@id\":\"https:\/\/telemusic.fr\/blog\/#\/schema\/person\/c0ae6942e0cc8b6ebd58dada6ee6c2af\"},\"headline\":\"Rentr\u00e9e musicale 2026 : Myl\u00e8ne Farmer, Ninho, Pierre de Maere \u2014 les albums attendus\",\"datePublished\":\"2026-08-28T11:38:23+00:00\",\"mainEntityOfPage\":{\"@id\":\"https:\/\/telemusic.fr\/blog\/actualites-musicales\/rentree-musicale-2026-mylene-farmer-ninho-pierre-de-maere-les-albums-attendus\/\"},\"wordCount\":625,\"commentCount\":0,\"publisher\":{\"@id\":\"https:\/\/telemusic.fr\/blog\/#organization\"},\"image\":{\"@id\":\"https:\/\/telemusic.fr\/blog\/actualites-musicales\/rentree-musicale-2026-mylene-farmer-ninho-pierre-de-maere-les-albums-attendus\/#primaryimage\"},\"thumbnailUrl\":\"https:\/\/telemusic.fr\/blog\/wp-content\/uploads\/2026\/08\/img8145-scaled.jpg\",\"articleSection\":[\"Actualit\u00e9s Musicales\"],\"inLanguage\":\"fr-FR\",\"potentialAction\":[{\"@type\":\"CommentAction\",\"name\":\"Comment\",\"target\":[\"https:\/\/telemusic.fr\/blog\/actualites-musicales\/rentree-musicale-2026-mylene-farmer-ninho-pierre-de-maere-les-albums-attendus\/#respond\"]}]},{\"@type\":\"WebPage\",\"@id\":\"https:\/\/telemusic.fr\/blog\/actualites-musicales\/rentree-musicale-2026-mylene-farmer-ninho-pierre-de-maere-les-albums-attendus\/\",\"url\":\"https:\/\/telemusic.fr\/blog\/actualites-musicales\/rentree-musicale-2026-mylene-farmer-ninho-pierre-de-maere-les-albums-attendus\/\",\"name\":\"Rentr\u00e9e musicale 2026 : Farmer, Ninho, de Maere attendus\",\"isPartOf\":{\"@id\":\"https:\/\/telemusic.fr\/blog\/#website\"},\"primaryImageOfPage\":{\"@id\":\"https:\/\/telemusic.fr\/blog\/actualites-musicales\/rentree-musicale-2026-mylene-farmer-ninho-pierre-de-maere-les-albums-attendus\/#primaryimage\"},\"image\":{\"@id\":\"https:\/\/telemusic.fr\/blog\/actualites-musicales\/rentree-musicale-2026-mylene-farmer-ninho-pierre-de-maere-les-albums-attendus\/#primaryimage\"},\"thumbnailUrl\":\"https:\/\/telemusic.fr\/blog\/wp-content\/uploads\/2026\/08\/img8145-scaled.jpg\",\"datePublished\":\"2026-08-28T11:38:23+00:00\",\"description\":\"\u00c9gr\u00e9gore de Myl\u00e8ne Farmer, M.I.L.S 4 de Ninho, Ave de Maere le 25 septembre : le point sur les albums fran\u00e7ais les plus attendus de la rentr\u00e9e 2026.\",\"inLanguage\":\"fr-FR\",\"potentialAction\":[{\"@type\":\"ReadAction\",\"target\":[\"https:\/\/telemusic.fr\/blog\/actualites-musicales\/rentree-musicale-2026-mylene-farmer-ninho-pierre-de-maere-les-albums-attendus\/\"]}]},{\"@type\":\"ImageObject\",\"inLanguage\":\"fr-FR\",\"@id\":\"https:\/\/telemusic.fr\/blog\/actualites-musicales\/rentree-musicale-2026-mylene-farmer-ninho-pierre-de-maere-les-albums-attendus\/#primaryimage\",\"url\":\"https:\/\/telemusic.fr\/blog\/wp-content\/uploads\/2026\/08\/img8145-scaled.jpg\",\"contentUrl\":\"https:\/\/telemusic.fr\/blog\/wp-content\/uploads\/2026\/08\/img8145-scaled.jpg\",\"width\":1200,\"height\":800},{\"@type\":\"WebSite\",\"@id\":\"https:\/\/telemusic.fr\/blog\/#website\",\"url\":\"https:\/\/telemusic.fr\/blog\/\",\"name\":\"telemusic.fr\",\"description\":\"La symphonie des m\u00e9dias.\",\"publisher\":{\"@id\":\"https:\/\/telemusic.fr\/blog\/#organization\"},\"alternateName\":\"La symphonie des m\u00e9dias.\",\"potentialAction\":[{\"@type\":\"SearchAction\",\"target\":{\"@type\":\"EntryPoint\",\"urlTemplate\":\"https:\/\/telemusic.fr\/blog\/?s={search_term_string}\"},\"query-input\":{\"@type\":\"PropertyValueSpecification\",\"valueRequired\":true,\"valueName\":\"search_term_string\"}}],\"inLanguage\":\"fr-FR\"},{\"@type\":\"Organization\",\"@id\":\"https:\/\/telemusic.fr\/blog\/#organization\",\"name\":\"Foretsensations.fr\",\"url\":\"https:\/\/telemusic.fr\/blog\/\",\"logo\":{\"@type\":\"ImageObject\",\"inLanguage\":\"fr-FR\",\"@id\":\"https:\/\/telemusic.fr\/blog\/#\/schema\/logo\/image\/\",\"url\":\"https:\/\/telemusic.fr\/blog\/wp-content\/uploads\/2024\/12\/39.png\",\"contentUrl\":\"https:\/\/telemusic.fr\/blog\/wp-content\/uploads\/2024\/12\/39.png\",\"width\":500,\"height\":500,\"caption\":\"Foretsensations.fr\"},\"image\":{\"@id\":\"https:\/\/telemusic.fr\/blog\/#\/schema\/logo\/image\/\"}},{\"@type\":\"Person\",\"@id\":\"https:\/\/telemusic.fr\/blog\/#\/schema\/person\/c0ae6942e0cc8b6ebd58dada6ee6c2af\",\"name\":\"Antoine Bernard\",\"image\":{\"@type\":\"ImageObject\",\"inLanguage\":\"fr-FR\",\"@id\":\"https:\/\/telemusic.fr\/blog\/#\/schema\/person\/image\/\",\"url\":\"https:\/\/secure.gravatar.com\/avatar\/?s=96&d=mm&r=g\",\"contentUrl\":\"https:\/\/secure.gravatar.com\/avatar\/?s=96&d=mm&r=g\",\"caption\":\"Antoine Bernard\"},\"description\":\"Compositeur de musiques libres de droits, Antoine offre des conseils aux cr\u00e9ateurs de contenu (vid\u00e9astes, podcasteurs) pour int\u00e9grer de la musique dans leurs projets.\",\"sameAs\":[\"https:\/\/bernardantoine.fr\/\"],\"url\":\"https:\/\/telemusic.fr\/blog\/auteur\/antoine-bernard\/\",\"jobTitle\":\"Contributeur m\u00e9canique\",\"email\":\"antoine.bernard@autosmythiques57.fr\"}]}<\/script>\n<!-- \/ Yoast SEO Premium plugin. -->","yoast_head_json":{"title":"Rentr\u00e9e musicale 2026 : Farmer, Ninho, de Maere attendus","description":"\u00c9gr\u00e9gore de Myl\u00e8ne Farmer, M.I.L.S 4 de Ninho, Ave de Maere le 25 septembre : le point sur les albums fran\u00e7ais les plus attendus de la rentr\u00e9e 2026.","robots":{"index":"index","follow":"follow","max-snippet":"max-snippet:-1","max-image-preview":"max-image-preview:large","max-video-preview":"max-video-preview:-1"},"canonical":"https:\/\/telemusic.fr\/blog\/actualites-musicales\/rentree-musicale-2026-mylene-farmer-ninho-pierre-de-maere-les-albums-attendus\/","og_locale":"fr_FR","og_type":"article","og_title":"Rentr\u00e9e musicale 2026 : Farmer, Ninho, de Maere attendus","og_description":"\u00c9gr\u00e9gore de Myl\u00e8ne Farmer, M.I.L.S 4 de Ninho, Ave de Maere le 25 septembre : le point sur les albums fran\u00e7ais les plus attendus de la rentr\u00e9e 2026.","og_url":"https:\/\/telemusic.fr\/blog\/actualites-musicales\/rentree-musicale-2026-mylene-farmer-ninho-pierre-de-maere-les-albums-attendus\/","og_site_name":"telemusic.","author":"Antoine Bernard","twitter_card":"summary_large_image","schema":{"@context":"https:\/\/schema.org","@graph":[{"@type":"NewsArticle","@id":"https:\/\/telemusic.fr\/blog\/actualites-musicales\/rentree-musicale-2026-mylene-farmer-ninho-pierre-de-maere-les-albums-attendus\/#article","isPartOf":{"@id":"https:\/\/telemusic.fr\/blog\/actualites-musicales\/rentree-musicale-2026-mylene-farmer-ninho-pierre-de-maere-les-albums-attendus\/"},"author":{"name":"Antoine Bernard","@id":"https:\/\/telemusic.fr\/blog\/#\/schema\/person\/c0ae6942e0cc8b6ebd58dada6ee6c2af"},"headline":"Rentr\u00e9e musicale 2026 : Myl\u00e8ne Farmer, Ninho, Pierre de Maere \u2014 les albums attendus","datePublished":"2026-08-28T11:38:23+00:00","mainEntityOfPage":{"@id":"https:\/\/telemusic.fr\/blog\/actualites-musicales\/rentree-musicale-2026-mylene-farmer-ninho-pierre-de-maere-les-albums-attendus\/"},"wordCount":625,"commentCount":0,"publisher":{"@id":"https:\/\/telemusic.fr\/blog\/#organization"},"image":{"@id":"https:\/\/telemusic.fr\/blog\/actualites-musicales\/rentree-musicale-2026-mylene-farmer-ninho-pierre-de-maere-les-albums-attendus\/#primaryimage"},"thumbnailUrl":"https:\/\/telemusic.fr\/blog\/wp-content\/uploads\/2026\/08\/img8145-scaled.jpg","articleSection":["Actualit\u00e9s Musicales"],"inLanguage":"fr-FR","potentialAction":[{"@type":"CommentAction","name":"Comment","target":["https:\/\/telemusic.fr\/blog\/actualites-musicales\/rentree-musicale-2026-mylene-farmer-ninho-pierre-de-maere-les-albums-attendus\/#respond"]}]},{"@type":"WebPage","@id":"https:\/\/telemusic.fr\/blog\/actualites-musicales\/rentree-musicale-2026-mylene-farmer-ninho-pierre-de-maere-les-albums-attendus\/","url":"https:\/\/telemusic.fr\/blog\/actualites-musicales\/rentree-musicale-2026-mylene-farmer-ninho-pierre-de-maere-les-albums-attendus\/","name":"Rentr\u00e9e musicale 2026 : Farmer, Ninho, de Maere attendus","isPartOf":{"@id":"https:\/\/telemusic.fr\/blog\/#website"},"primaryImageOfPage":{"@id":"https:\/\/telemusic.fr\/blog\/actualites-musicales\/rentree-musicale-2026-mylene-farmer-ninho-pierre-de-maere-les-albums-attendus\/#primaryimage"},"image":{"@id":"https:\/\/telemusic.fr\/blog\/actualites-musicales\/rentree-musicale-2026-mylene-farmer-ninho-pierre-de-maere-les-albums-attendus\/#primaryimage"},"thumbnailUrl":"https:\/\/telemusic.fr\/blog\/wp-content\/uploads\/2026\/08\/img8145-scaled.jpg","datePublished":"2026-08-28T11:38:23+00:00","description":"\u00c9gr\u00e9gore de Myl\u00e8ne Farmer, M.I.L.S 4 de Ninho, Ave de Maere le 25 septembre : le point sur les albums fran\u00e7ais les plus attendus de la rentr\u00e9e 2026.","inLanguage":"fr-FR","potentialAction":[{"@type":"ReadAction","target":["https:\/\/telemusic.fr\/blog\/actualites-musicales\/rentree-musicale-2026-mylene-farmer-ninho-pierre-de-maere-les-albums-attendus\/"]}]},{"@type":"ImageObject","inLanguage":"fr-FR","@id":"https:\/\/telemusic.fr\/blog\/actualites-musicales\/rentree-musicale-2026-mylene-farmer-ninho-pierre-de-maere-les-albums-attendus\/#primaryimage","url":"https:\/\/telemusic.fr\/blog\/wp-content\/uploads\/2026\/08\/img8145-scaled.jpg","contentUrl":"https:\/\/telemusic.fr\/blog\/wp-content\/uploads\/2026\/08\/img8145-scaled.jpg","width":1200,"height":800},{"@type":"WebSite","@id":"https:\/\/telemusic.fr\/blog\/#website","url":"https:\/\/telemusic.fr\/blog\/","name":"telemusic.fr","description":"La symphonie des m\u00e9dias.","publisher":{"@id":"https:\/\/telemusic.fr\/blog\/#organization"},"alternateName":"La symphonie des m\u00e9dias.","potentialAction":[{"@type":"SearchAction","target":{"@type":"EntryPoint","urlTemplate":"https:\/\/telemusic.fr\/blog\/?s={search_term_string}"},"query-input":{"@type":"PropertyValueSpecification","valueRequired":true,"valueName":"search_term_string"}}],"inLanguage":"fr-FR"},{"@type":"Organization","@id":"https:\/\/telemusic.fr\/blog\/#organization","name":"Foretsensations.fr","url":"https:\/\/telemusic.fr\/blog\/","logo":{"@type":"ImageObject","inLanguage":"fr-FR","@id":"https:\/\/telemusic.fr\/blog\/#\/schema\/logo\/image\/","url":"https:\/\/telemusic.fr\/blog\/wp-content\/uploads\/2024\/12\/39.png","contentUrl":"https:\/\/telemusic.fr\/blog\/wp-content\/uploads\/2024\/12\/39.png","width":500,"height":500,"caption":"Foretsensations.fr"},"image":{"@id":"https:\/\/telemusic.fr\/blog\/#\/schema\/logo\/image\/"}},{"@type":"Person","@id":"https:\/\/telemusic.fr\/blog\/#\/schema\/person\/c0ae6942e0cc8b6ebd58dada6ee6c2af","name":"Antoine Bernard","image":{"@type":"ImageObject","inLanguage":"fr-FR","@id":"https:\/\/telemusic.fr\/blog\/#\/schema\/person\/image\/","url":"https:\/\/secure.gravatar.com\/avatar\/?s=96&d=mm&r=g","contentUrl":"https:\/\/secure.gravatar.com\/avatar\/?s=96&d=mm&r=g","caption":"Antoine Bernard"},"description":"Compositeur de musiques libres de droits, Antoine offre des conseils aux cr\u00e9ateurs de contenu (vid\u00e9astes, podcasteurs) pour int\u00e9grer de la musique dans leurs projets.","sameAs":["https:\/\/bernardantoine.fr\/"],"url":"https:\/\/telemusic.fr\/blog\/auteur\/antoine-bernard\/","jobTitle":"Contributeur m\u00e9canique","email":"antoine.bernard@autosmythiques57.fr"}]}},"_links":{"self":[{"href":"https:\/\/telemusic.fr\/blog\/wp-json\/wp\/v2\/posts\/8145","targetHints":{"allow":["GET"]}}],"collection":[{"href":"https:\/\/telemusic.fr\/blog\/wp-json\/wp\/v2\/posts"}],"about":[{"href":"https:\/\/telemusic.fr\/blog\/wp-json\/wp\/v2\/types\/post"}],"author":[{"embeddable":true,"href":"https:\/\/telemusic.fr\/blog\/wp-json\/wp\/v2\/users\/42"}],"replies":[{"embeddable":true,"href":"https:\/\/telemusic.fr\/blog\/wp-json\/wp\/v2\/comments?post=8145"}],"version-history":[{"count":0,"href":"https:\/\/telemusic.fr\/blog\/wp-json\/wp\/v2\/posts\/8145\/revisions"}],"wp:featuredmedia":[{"embeddable":true,"href":"https:\/\/telemusic.fr\/blog\/wp-json\/wp\/v2\/media\/8146"}],"wp:attachment":[{"href":"https:\/\/telemusic.fr\/blog\/wp-json\/wp\/v2\/media?parent=8145"}],"wp:term":[{"taxonomy":"category","embeddable":true,"href":"https:\/\/telemusic.fr\/blog\/wp-json\/wp\/v2\/categories?post=8145"},{"taxonomy":"post_tag","embeddable":true,"href":"https:\/\/telemusic.fr\/blog\/wp-json\/wp\/v2\/tags?post=8145"}],"curies":[{"name":"wp","href":"https:\/\/api.w.org\/{rel}","templated":true}]}}