{"id":8149,"date":"2026-08-30T07:30:00","date_gmt":"2026-08-30T05:30:00","guid":{"rendered":"https:\/\/telemusic.fr\/blog\/guides-et-conseils-musique\/chanson-francaise-histoire-courants-titres-cultes\/"},"modified":"2026-08-29T19:41:31","modified_gmt":"2026-08-29T17:41:31","slug":"chanson-francaise-histoire-courants-titres-cultes","status":"publish","type":"post","link":"https:\/\/telemusic.fr\/blog\/guides-et-conseils-musique\/chanson-francaise-histoire-courants-titres-cultes\/","title":{"rendered":"Chanson fran\u00e7aise : histoire, courants et 20 titres cultes"},"content":{"rendered":"<link href=\"https:\/\/fonts.googleapis.com\/css2?family=Sora:wght@600;700;800&#038;family=Manrope:wght@400;600;700;800&#038;display=swap\" rel=\"stylesheet\">\n<style>\n.gp7-telemusic-wrap{font-family:'Manrope',sans-serif;}\n.gp7-telemusic-wrap h2,.gp7-telemusic-wrap h3{font-family:'Sora',sans-serif;line-height:1.25;}\n.gp7-telemusic-wrap h2{border-left:4px solid #B0246E;padding-left:14px;margin-top:44px;}\n.gp7-telemusic-answer{background:#FDF2F8;border:1px solid #F5C9DF;border-radius:12px;padding:18px 22px;margin:0 0 26px;font-size:18px;line-height:1.6;}\n.gp7-telemusic-bref{background:#FDF2F8;border:1px solid #F5C9DF;border-left:4px solid #B0246E;border-radius:12px;padding:20px 24px;margin:28px 0;transition:box-shadow .25s ease;}\n.gp7-telemusic-bref:hover{box-shadow:0 6px 18px rgba(176,36,110,.12);}\n.gp7-telemusic-bref ul{margin:10px 0 0;padding-left:20px;}\n.gp7-telemusic-bref li{margin:7px 0;line-height:1.55;}\n.gp7-telemusic-kicker{font-family:'Sora',sans-serif;font-weight:800;font-size:15px;letter-spacing:.04em;color:#B0246E;text-transform:uppercase;}\n.gp7-telemusic-chiffres{display:flex;flex-wrap:wrap;gap:14px;margin:28px 0;}\n.gp7-telemusic-chiffre{flex:1 1 180px;background:#fff;border:1px solid #ecdce6;border-top:3px solid #B0246E;border-radius:10px;padding:16px 18px;}\n.gp7-telemusic-chiffre b{display:block;font-family:'Sora',sans-serif;font-size:26px;color:#B0246E;line-height:1.15;}\n.gp7-telemusic-chiffre span{display:block;font-size:14px;color:#5a4b55;margin-top:6px;line-height:1.45;}\n.gp7-telemusic-cite{border-left:4px solid #B0246E;background:#FBF7F9;padding:18px 22px;margin:30px 0;font-size:17px;line-height:1.6;font-style:italic;color:#3a2f38;}\n.gp7-telemusic-cite span{display:block;font-style:normal;font-size:14px;color:#7a6a75;margin-top:10px;}\n.gp7-telemusic-note{background:#FFF8E7;border:1px solid #F0DFB0;border-left:4px solid #D9A215;border-radius:10px;padding:16px 20px;margin:26px 0;line-height:1.6;}\n.gp7-telemusic-retenir{background:#231027;border-radius:14px;padding:22px 26px;margin:34px 0;color:#F7EAF2;box-shadow:0 8px 22px rgba(35,16,39,.25);}\n.gp7-telemusic-retenir ul{margin:10px 0 0;padding-left:20px;}\n.gp7-telemusic-retenir li{margin:8px 0;line-height:1.55;color:#F7EAF2!important;}\n.gp7-telemusic-retenir li strong{color:#F9C8E3!important;}\n.gp7-telemusic-faq{margin:30px 0;}\n.gp7-telemusic-faq details{border:1px solid #ecdce6;border-radius:10px;margin:10px 0;padding:0;background:#fff;transition:border-color .2s ease;}\n.gp7-telemusic-faq details:hover{border-color:#B0246E;}\n.gp7-telemusic-faq summary{cursor:pointer;font-weight:700;padding:14px 18px;font-family:'Sora',sans-serif;color:#231027;}\n.gp7-telemusic-faq summary::marker{color:#B0246E;}\n.gp7-telemusic-faq .gp7-telemusic-faq-a{padding:0 18px 14px;line-height:1.6;color:#3a2f38;}\n.gp7-telemusic-tablewrap{overflow-x:auto;margin:24px 0;}\n.gp7-telemusic-tablewrap table{min-width:640px;border-collapse:collapse;width:100%;}\n.gp7-telemusic-tablewrap th{background:#231027;color:#F7EAF2;padding:10px 12px;text-align:left;font-family:'Sora',sans-serif;font-size:14px;}\n.gp7-telemusic-tablewrap td{border:1px solid #ecdce6;padding:10px 12px;vertical-align:top;font-size:15px;line-height:1.5;}\n.gp7-telemusic-tablewrap tr:nth-child(even) td{background:#FCF8FA;}\n.gp7-telemusic-wrap a{color:#B0246E;}\n.gp7-telemusic-suite{background:#FDF2F8;border:1px solid #F5C9DF;border-radius:12px;padding:18px 22px;margin:30px 0;line-height:1.7;}\n.gp7-telemusic-suite ul{margin:10px 0 0;padding-left:20px;}\n<\/style>\n<div class=\"gp7-telemusic-wrap\">\n<p class=\"gp7-telemusic-answer\"><strong>La chanson fran\u00e7aise est le r\u00e9pertoire des chansons en langue fran\u00e7aise dans lequel le texte prime sur tout le reste : une histoire qui court de \u00ab Le Temps des cerises \u00bb (1866) \u00e0 \u00ab Djadja \u00bb d&rsquo;Aya Nakamura, et un genre prot\u00e9g\u00e9 en France par un quota unique au monde \u2014 40 % de titres d&rsquo;expression fran\u00e7aise impos\u00e9s aux radios.<\/strong> Voici ses grandes \u00e9tapes, ses courants, ses 20 titres incontournables et ce qu&rsquo;elle p\u00e8se r\u00e9ellement aujourd&rsquo;hui.<\/p>\n<div class=\"gp7-telemusic-bref\">\n<span class=\"gp7-telemusic-kicker\">\u26a1 En bref<\/span><\/p>\n<ul>\n<li><strong>D\u00e9finition<\/strong> : une chanson en fran\u00e7ais o\u00f9 <strong>les paroles commandent la m\u00e9lodie<\/strong>. On parle de \u00ab chanson \u00e0 texte \u00bb pour son versant le plus litt\u00e9raire, de \u00ab vari\u00e9t\u00e9 \u00bb pour son versant grand public \u2014 c&rsquo;est la m\u00eame famille.<\/li>\n<li><strong>Le quota radio<\/strong> : depuis 1996, les radios priv\u00e9es doivent diffuser <strong>40 % de chansons d&rsquo;expression fran\u00e7aise<\/strong> aux heures d&rsquo;\u00e9coute significatives, dont <strong>la moiti\u00e9 au moins<\/strong> de nouveaux talents ou de nouvelles productions.<\/li>\n<li><strong>Le record absolu<\/strong> : \u00ab Petit Papa No\u00ebl \u00bb de Tino Rossi (1946) reste le single le plus vendu de l&rsquo;histoire en France, avec <strong>5,7 millions d&rsquo;exemplaires<\/strong>.<\/li>\n<li><strong>Le march\u00e9 en 2025<\/strong> : <strong>1 071 millions d&rsquo;euros<\/strong> (+3,9 %), dixi\u00e8me ann\u00e9e cons\u00e9cutive de croissance ; la production fran\u00e7aise repr\u00e9sente <strong>les trois quarts des volumes du Top 200<\/strong>.<\/li>\n<\/ul>\n<\/div>\n<div class=\"gp7-telemusic-chiffres\">\n<div class=\"gp7-telemusic-chiffre\"><b>40 %<\/b><span>de chansons francophones impos\u00e9es aux radios priv\u00e9es aux heures d&rsquo;\u00e9coute significatives<\/span><\/div>\n<div class=\"gp7-telemusic-chiffre\"><b>5,7 M<\/b><span>d&rsquo;exemplaires pour \u00ab Petit Papa No\u00ebl \u00bb (1946), single le plus vendu en France<\/span><\/div>\n<div class=\"gp7-telemusic-chiffre\"><b>1 071 M\u20ac<\/b><span>de chiffre d&rsquo;affaires pour la musique enregistr\u00e9e en France en 2025 (SNEP)<\/span><\/div>\n<div class=\"gp7-telemusic-chiffre\"><b>122 Md<\/b><span>d&rsquo;\u00e9coutes en streaming comptabilis\u00e9es en France sur l&rsquo;ann\u00e9e 2025<\/span><\/div>\n<\/div>\n<h2>Chanson fran\u00e7aise : la d\u00e9finition, sans jargon<\/h2>\n<p>On appelle <strong>chanson fran\u00e7aise<\/strong> une chanson \u00e9crite et interpr\u00e9t\u00e9e en fran\u00e7ais dans laquelle <strong>le texte passe avant l&rsquo;arrangement<\/strong>. C&rsquo;est la diff\u00e9rence de fond avec la pop anglo-saxonne, o\u00f9 la m\u00e9lodie et la production tiennent souvent le premier r\u00f4le : ici, on \u00e9crit d&rsquo;abord des mots, la musique vient les porter. Georges Brassens mettait ses po\u00e8mes en musique avec une guitare et une contrebasse, et \u00e7a suffisait.<\/p>\n<p>Deux \u00e9tiquettes circulent et brouillent tout, alors autant les poser tout de suite :<\/p>\n<ul>\n<li><strong>\u00ab Chanson \u00e0 texte \u00bb<\/strong> : le versant litt\u00e9raire, celui de Brassens, Brel, Ferr\u00e9, Barbara. L&rsquo;attention est mise sur l&rsquo;\u00e9criture, l&rsquo;ironie, la narration.<\/li>\n<li><strong>\u00ab Vari\u00e9t\u00e9 fran\u00e7aise \u00bb<\/strong> : le versant grand public, celui des tubes d&rsquo;\u00e9t\u00e9, des refrains f\u00e9d\u00e9rateurs et des grosses ventes. Le mot a longtemps servi d&rsquo;insulte polie ; il d\u00e9signe simplement une chanson faite pour \u00eatre reprise en ch\u0153ur.<\/li>\n<\/ul>\n<p><strong>Et concr\u00e8tement, pour vous ?<\/strong> Cette distinction n&rsquo;a aucune importance quand vous cherchez quoi \u00e9couter. En revanche elle explique pourquoi les playlists \u00ab chanson fran\u00e7aise \u00bb m\u00e9langent Barbara et Michel Sardou : ce sont deux branches du m\u00eame arbre, s\u00e9par\u00e9es par le public vis\u00e9, pas par la langue ni par l&rsquo;\u00e9poque.<\/p>\n<h2>Les grandes \u00e9tapes de la chanson fran\u00e7aise<\/h2>\n<p>Il n&rsquo;y a pas de date de naissance officielle. On fait g\u00e9n\u00e9ralement partir le r\u00e9pertoire moderne du <strong>caf\u00e9-concert du XIX<sup>e<\/sup> si\u00e8cle<\/strong>, quand la chanson quitte les goguettes et les cabarets pour devenir un m\u00e9tier. Le rep\u00e8re le plus commode reste <strong>\u00ab Le Temps des cerises \u00bb<\/strong> : Jean-Baptiste Cl\u00e9ment en \u00e9crit les paroles en <strong>1866<\/strong>, Antoine Renard les met en musique en <strong>1868<\/strong> \u2014 et la chanson, \u00e9crite avant les \u00e9v\u00e9nements, restera pour toujours associ\u00e9e \u00e0 la Commune de Paris de 1871, Cl\u00e9ment y ajoutant en 1882 une d\u00e9dicace \u00e0 une ambulanci\u00e8re de la rue Fontaine-au-Roi.<\/p>\n<div class=\"gp7-telemusic-tablewrap\">\n<table>\n<thead>\n<tr>\n<th>P\u00e9riode<\/th>\n<th>Ce qui se joue<\/th>\n<th>Le titre rep\u00e8re<\/th>\n<\/tr>\n<\/thead>\n<tbody>\n<tr>\n<td><strong>1866-1930<\/strong><\/td>\n<td>Caf\u00e9-concert et music-hall. La chanson devient un m\u00e9tier et un commerce d&rsquo;\u00e9diteurs de partitions.<\/td>\n<td>\u00ab Le Temps des cerises \u00bb (1866\/1868)<\/td>\n<\/tr>\n<tr>\n<td><strong>1930-1950<\/strong><\/td>\n<td>L&rsquo;\u00e2ge d&rsquo;or du disque et de la radio. Chanson r\u00e9aliste d&rsquo;un c\u00f4t\u00e9, fantaisie swing de l&rsquo;autre.<\/td>\n<td>\u00ab La Mer \u00bb, Charles Trenet, enregistr\u00e9e le <strong>25 mars 1946<\/strong> \u2014 l&rsquo;air lui \u00e9tait venu en train d\u00e8s 1943<\/td>\n<\/tr>\n<tr>\n<td><strong>1950-1962<\/strong><\/td>\n<td>La \u00ab rive gauche \u00bb : des cabarets parisiens portent une g\u00e9n\u00e9ration d&rsquo;auteurs exigeants.<\/td>\n<td>\u00ab Ne me quitte pas \u00bb, Jacques Brel (1959)<\/td>\n<\/tr>\n<tr>\n<td><strong>1962-1970<\/strong><\/td>\n<td>Les y\u00e9y\u00e9s. Le 45 tours et les \u00e9missions de radio pour ados font basculer le march\u00e9.<\/td>\n<td>\u00ab Tous les gar\u00e7ons et les filles \u00bb, Fran\u00e7oise Hardy (1962)<\/td>\n<\/tr>\n<tr>\n<td><strong>1970-1980<\/strong><\/td>\n<td>Auteurs-compositeurs-interpr\u00e8tes et scandales assum\u00e9s. La chanson se fait adulte, parfois sulfureuse.<\/td>\n<td>\u00ab Comme d&rsquo;habitude \u00bb, Claude Fran\u00e7ois (novembre 1967), devenue \u00ab My Way \u00bb<\/td>\n<\/tr>\n<tr>\n<td><strong>1980-1990<\/strong><\/td>\n<td>Synth\u00e9tiseurs, radios libres, tourn\u00e9es de stades. Le single de vari\u00e9t\u00e9 atteint des volumes jamais revus depuis.<\/td>\n<td>\u00ab Les Lacs du Connemara \u00bb, Michel Sardou (1981)<\/td>\n<\/tr>\n<tr>\n<td><strong>1990-2000<\/strong><\/td>\n<td>\u00ab Nouvelle chanson fran\u00e7aise \u00bb et explosion du rap. Le quota de 40 % entre en vigueur en 1996.<\/td>\n<td>\u00ab Foule sentimentale \u00bb, Alain Souchon (1993)<\/td>\n<\/tr>\n<tr>\n<td><strong>2000-2015<\/strong><\/td>\n<td>Com\u00e9dies musicales, t\u00e9l\u00e9-crochets, puis effondrement du disque physique.<\/td>\n<td>\u00ab Belle \u00bb, Notre-Dame de Paris (1998), <strong>18 semaines n\u00b0 1<\/strong><\/td>\n<\/tr>\n<tr>\n<td><strong>2015-2026<\/strong><\/td>\n<td>Le streaming r\u00e9\u00e9crit les hi\u00e9rarchies. Le rap devient la locomotive du march\u00e9 francophone.<\/td>\n<td>\u00ab Derni\u00e8re danse \u00bb, Indila (2013), <strong>1<sup>re<\/sup> chanson en fran\u00e7ais au-del\u00e0 du milliard de vues YouTube<\/strong><\/td>\n<\/tr>\n<\/tbody>\n<\/table>\n<\/div>\n<h2>Les 20 chansons fran\u00e7aises \u00e0 conna\u00eetre<\/h2>\n<p>S\u00e9lection volontairement transversale : chaque titre est l\u00e0 pour ce qu&rsquo;il a chang\u00e9, pas seulement pour ce qu&rsquo;il a vendu. Les ann\u00e9es indiqu\u00e9es sont celles de la sortie ou de l&rsquo;enregistrement de r\u00e9f\u00e9rence.<\/p>\n<ol>\n<li><strong>\u00ab Le Temps des cerises \u00bb<\/strong> (paroles 1866, musique 1868) \u2014 la chanson d&rsquo;amour devenue hymne malgr\u00e9 elle.<\/li>\n<li><strong>\u00ab La Mer \u00bb<\/strong>, Charles Trenet (enregistr\u00e9e le 25 mars 1946) \u2014 l&rsquo;air griffonn\u00e9 en train trois ans plus t\u00f4t ; l&rsquo;un des rares standards fran\u00e7ais repris dans le monde entier.<\/li>\n<li><strong>\u00ab La Vie en rose \u00bb<\/strong>, \u00c9dith Piaf (\u00e9crite en 1945, \u00e9dit\u00e9e en single en 1947) \u2014 la carte postale sonore de la France \u00e0 l&rsquo;\u00e9tranger.<\/li>\n<li><strong>\u00ab Petit Papa No\u00ebl \u00bb<\/strong>, Tino Rossi (1946) \u2014 <strong>5,7 millions<\/strong> de singles vendus en France, record jamais battu.<\/li>\n<li><strong>\u00ab Les Feuilles mortes \u00bb<\/strong>, texte de Jacques Pr\u00e9vert et musique de Joseph Kosma \u2014 pass\u00e9e au r\u00e9pertoire du jazz sous le titre \u00ab Autumn Leaves \u00bb.<\/li>\n<li><strong>\u00ab La Mauvaise R\u00e9putation \u00bb<\/strong>, Georges Brassens (1952) \u2014 le manifeste d&rsquo;une chanson qui n&rsquo;ob\u00e9it \u00e0 personne.<\/li>\n<li><strong>\u00ab Ne me quitte pas \u00bb<\/strong>, Jacques Brel (1959) \u2014 reprise dans des dizaines de langues, de Nina Simone \u00e0 Johnny Hallyday.<\/li>\n<li><strong>\u00ab Tous les gar\u00e7ons et les filles \u00bb<\/strong>, Fran\u00e7oise Hardy (1962) \u2014 l&rsquo;adolescence y\u00e9y\u00e9, \u00e9crite par l&rsquo;int\u00e9ress\u00e9e \u00e0 18 ans.<\/li>\n<li><strong>\u00ab Aline \u00bb<\/strong>, Christophe (1965) \u2014 l&rsquo;un des rares titres \u00e0 avoir \u00e9t\u00e9 un tube deux fois, \u00e0 quatorze ans d&rsquo;\u00e9cart.<\/li>\n<li><strong>\u00ab Comme d&rsquo;habitude \u00bb<\/strong>, Claude Fran\u00e7ois (novembre 1967) \u2014 paroles de Gilles Thibaut et Claude Fran\u00e7ois, musique de Jacques Revaux ; devenue \u00ab My Way \u00bb.<\/li>\n<li><strong>\u00ab Je t&rsquo;aime\u2026 moi non plus \u00bb<\/strong>, Serge Gainsbourg et Jane Birkin (single 1969) \u2014 n\u00b0 1 au Royaume-Uni malgr\u00e9 l&rsquo;interdiction de la BBC.<\/li>\n<li><strong>\u00ab Les Champs-\u00c9lys\u00e9es \u00bb<\/strong>, Joe Dassin (1969) \u2014 adaptation fran\u00e7aise par Pierre Delano\u00eb de \u00ab Waterloo Road \u00bb, du groupe anglais Jason Crest (1968).<\/li>\n<li><strong>\u00ab Avec le temps \u00bb<\/strong>, L\u00e9o Ferr\u00e9 (1970) \u2014 la grande chanson du d\u00e9samour et de l&rsquo;usure.<\/li>\n<li><strong>\u00ab L&rsquo;Aigle noir \u00bb<\/strong>, Barbara (1970) \u2014 un r\u00eave racont\u00e9 en trois minutes, jamais compl\u00e8tement expliqu\u00e9.<\/li>\n<li><strong>\u00ab Rockollection \u00bb<\/strong>, Laurent Voulzy (1977) \u2014 <strong>1,8 million<\/strong> de singles, un patchwork de citations rock de sept minutes.<\/li>\n<li><strong>\u00ab Les Lacs du Connemara \u00bb<\/strong>, Michel Sardou (1981) \u2014 n\u00b0 1 le 5 d\u00e9cembre 1981, plus d&rsquo;un million de 45 tours.<\/li>\n<li><strong>\u00ab L&rsquo;Aventurier \u00bb<\/strong>, Indochine (1982) \u2014 le rock fran\u00e7ais passe \u00e0 la radio et n&rsquo;en repartira plus.<\/li>\n<li><strong>\u00ab Mistral gagnant \u00bb<\/strong>, Renaud (1985) \u2014 \u00e9lue chanson pr\u00e9f\u00e9r\u00e9e des Fran\u00e7ais en 2015 (sondage BVA, 25,7 %).<\/li>\n<li><strong>\u00ab Foule sentimentale \u00bb<\/strong>, Alain Souchon (1993) \u2014 la critique de la soci\u00e9t\u00e9 de consommation devenue tube de supermarch\u00e9.<\/li>\n<li><strong>\u00ab Derni\u00e8re danse \u00bb<\/strong>, Indila (2013) \u2014 le <strong>19 mai 2023<\/strong>, premi\u00e8re chanson en fran\u00e7ais \u00e0 franchir le milliard de vues sur YouTube.<\/li>\n<\/ol>\n<p>Pour aller plus loin sur le seul crit\u00e8re des chiffres \u2014 ventes, reprises, streams, sondages \u2014, voir notre classement d\u00e9di\u00e9 : <a href=\"https:\/\/telemusic.fr\/blog\/guides-et-conseils-musique\/chanson-francaise-la-plus-connue-classement\/\"><strong>chanson fran\u00e7aise la plus connue<\/strong><\/a>.<\/p>\n<h2>Le quota de 40 % : la loi qui a chang\u00e9 la radio fran\u00e7aise<\/h2>\n<p>C&rsquo;est le point que les articles sur la chanson fran\u00e7aise oublient presque toujours, et c&rsquo;est pourtant lui qui explique ce que vous entendez en voiture. La <strong>loi du 1<sup>er<\/sup> f\u00e9vrier 1994<\/strong> \u2014 souvent confondue avec la loi Toubon du 4 ao\u00fbt 1994 sur l&#8217;emploi de la langue fran\u00e7aise, ce n&rsquo;est pas le m\u00eame texte \u2014 a impos\u00e9 aux radios priv\u00e9es un plancher de chansons francophones, applicable depuis <strong>1996<\/strong>. L&rsquo;<a href=\"https:\/\/www.arcom.fr\/nous-connaitre-nos-missions\/promouvoir-et-proteger-la-creation\/les-quotas-de-chansons-la-radio\" rel=\"nofollow\" target=\"_blank\">Arcom<\/a> en contr\u00f4le le respect.<\/p>\n<p>Le r\u00e9gime g\u00e9n\u00e9ral : <strong>40 % de chansons d&rsquo;expression fran\u00e7aise<\/strong> aux heures d&rsquo;\u00e9coute significatives, <strong>dont la moiti\u00e9 au moins<\/strong> provenant de nouveaux talents ou de nouvelles productions. Ce second \u00e9tage est le vrai levier : sans lui, une radio pourrait remplir son quota en repassant les m\u00eames classiques toute la journ\u00e9e.<\/p>\n<div class=\"gp7-telemusic-tablewrap\">\n<table>\n<thead>\n<tr>\n<th>Type de radio<\/th>\n<th>Chansons francophones<\/th>\n<th>Obligation compl\u00e9mentaire<\/th>\n<\/tr>\n<\/thead>\n<tbody>\n<tr>\n<td>R\u00e9gime g\u00e9n\u00e9ral<\/td>\n<td><strong>40 %<\/strong><\/td>\n<td>La moiti\u00e9 au moins en nouveaux talents ou nouvelles productions<\/td>\n<\/tr>\n<tr>\n<td>Radios sp\u00e9cialis\u00e9es \u00ab jeunes talents \u00bb<\/td>\n<td>35 %<\/td>\n<td>25 % de nouveaux talents<\/td>\n<\/tr>\n<tr>\n<td>Radios de patrimoine<\/td>\n<td>60 % au moins<\/td>\n<td>Jusqu&rsquo;\u00e0 10 % de nouvelles productions, en moyenne une par heure<\/td>\n<\/tr>\n<tr>\n<td>Radios de d\u00e9couverte musicale (depuis juillet 2016)<\/td>\n<td>\u2014<\/td>\n<td>15 % au moins de nouvelles productions ou nouveaux talents francophones<\/td>\n<\/tr>\n<\/tbody>\n<\/table>\n<\/div>\n<div class=\"gp7-telemusic-note\">\n<strong>Le d\u00e9tail que connaissent les professionnels :<\/strong> en 2016, deux m\u00e9canismes ont \u00e9t\u00e9 greff\u00e9s sur le dispositif. Un <strong>\u00ab malus \u00bb<\/strong> exclut du d\u00e9compte les diffusions d&rsquo;un m\u00eame titre au-del\u00e0 de <strong>50 %<\/strong> du total francophone d&rsquo;une radio \u2014 la parade contre les stations qui passaient trois tubes en boucle pour tenir le quota. Et un <strong>\u00ab bonus \u00bb<\/strong> permet, sous conditions d&rsquo;effort en faveur de la diversit\u00e9, de moduler l&rsquo;objectif \u00e0 la baisse dans la limite de <strong>5 points<\/strong>. Radio France, de son c\u00f4t\u00e9, doit r\u00e9server \u00ab une place majoritaire \u00e0 la chanson d&rsquo;expression originale fran\u00e7aise \u00bb dans ses programmes de vari\u00e9t\u00e9s.\n<\/div>\n<h2>Ce que p\u00e8se la chanson fran\u00e7aise en 2026<\/h2>\n<p>Les chiffres du bilan 2025 du <a href=\"https:\/\/snepmusique.com\/communiques-dossiers-de-presse\/bilan-2025-snep\/\" rel=\"nofollow\" target=\"_blank\">SNEP<\/a>, le syndicat des producteurs, disent une chose simple : le r\u00e9pertoire fran\u00e7ais ne survit pas, il domine chez lui.<\/p>\n<ul>\n<li><strong>1 071 millions d&rsquo;euros<\/strong> de chiffre d&rsquo;affaires, en progression de <strong>3,9 %<\/strong> \u2014 dixi\u00e8me ann\u00e9e cons\u00e9cutive de croissance.<\/li>\n<li><strong>553 M\u20ac<\/strong> pour le seul streaming par abonnement (+5,9 %), sur un total de <strong>122 milliards d&rsquo;\u00e9coutes<\/strong>.<\/li>\n<li><strong>205 M\u20ac<\/strong> pour le march\u00e9 physique (+5 %), dont <strong>113 M\u20ac de vinyle<\/strong> (+15 %). Le CD, lui, s&rsquo;\u00e9coule encore \u00e0 8 millions d&rsquo;unit\u00e9s.<\/li>\n<li><strong>Trois quarts des volumes du Top 200<\/strong> sont de production fran\u00e7aise, et les <strong>cultures rap<\/strong> repr\u00e9sentent \u00e0 elles seules un tiers de la consommation en streaming audio et vid\u00e9o.<\/li>\n<li>Les projets port\u00e9s par des femmes montent \u00e0 <strong>28 % du Top 200 albums<\/strong>, contre 22 % l&rsquo;ann\u00e9e pr\u00e9c\u00e9dente.<\/li>\n<\/ul>\n<p><strong>Ce que \u00e7a change pour vous :<\/strong> concr\u00e8tement, une nouveaut\u00e9 francophone a aujourd&rsquo;hui plus de chances d&rsquo;\u00eatre pouss\u00e9e par une plateforme que par une radio. Le quota prot\u00e8ge l&rsquo;antenne, pas l&rsquo;algorithme \u2014 et c&rsquo;est l\u00e0 que se joue la partie suivante.<\/p>\n<div class=\"gp7-telemusic-cite\">\n\u00ab Les paroles n&rsquo;\u00e9taient pas d&rsquo;une qualit\u00e9 suffisante. \u00bb<br \/>\n<span>David Bowie, \u00e0 propos de sa propre adaptation rat\u00e9e de \u00ab Comme d&rsquo;habitude \u00bb, intitul\u00e9e <em>Even a Fool Learns to Love<\/em> (1968). Paul Anka reprendra le titre l&rsquo;ann\u00e9e suivante pour en faire \u00ab My Way \u00bb ; Bowie, lui, recyclera la grille harmonique du morceau dans \u00ab Life on Mars ? \u00bb.<\/span>\n<\/div>\n<div class=\"gp7-telemusic-suite\">\n<span class=\"gp7-telemusic-kicker\">\ud83c\udfa7 Les autres pages de ce dossier<\/span><\/p>\n<ul>\n<li><a href=\"https:\/\/telemusic.fr\/blog\/guides-et-conseils-musique\/chanson-francaise-la-plus-connue-classement\/\"><strong>chanson fran\u00e7aise la plus connue<\/strong><\/a> : le classement par les ventes, les reprises, les streams et les sondages.<\/li>\n<li><a href=\"https:\/\/telemusic.fr\/blog\/guides-et-conseils-musique\/chanson-francaise-facile-a-chanter-karaoke\/\"><strong>chanson fran\u00e7aise facile \u00e0 chanter<\/strong><\/a> : les titres accessibles \u00e0 toutes les voix, et pourquoi ils le sont.<\/li>\n<li><a href=\"https:\/\/telemusic.fr\/blog\/guides-et-conseils-musique\/duo-chanson-francaise-12-duos-marquants\/\"><strong>duo chanson fran\u00e7aise<\/strong><\/a> : les duos qui ont marqu\u00e9 le r\u00e9pertoire, du scandale de 1969 au double diamant de 2019.<\/li>\n<\/ul>\n<p>Et pour deux d\u00e9cennies pass\u00e9es au crible : notre dossier <a href=\"https:\/\/telemusic.fr\/blog\/guides-et-conseils-musique\/musique-annee-80-tubes-cultes\/\"><strong>musique ann\u00e9e 80<\/strong><\/a> et le portrait <a href=\"https:\/\/telemusic.fr\/blog\/decouvertes-dartistes\/renaud-chanteur-10-dates\/\"><strong>Renaud : chanteur<\/strong><\/a> en 10 dates.<\/p>\n<\/div>\n<h2>Questions fr\u00e9quentes sur la chanson fran\u00e7aise<\/h2>\n<div class=\"gp7-telemusic-faq\">\n<details>\n<summary>Quelle est la diff\u00e9rence entre chanson fran\u00e7aise et vari\u00e9t\u00e9 fran\u00e7aise ?<\/summary>\n<div class=\"gp7-telemusic-faq-a\">Aucune diff\u00e9rence de nature : ce sont deux fa\u00e7ons de nommer le m\u00eame r\u00e9pertoire. <strong>\u00ab Chanson fran\u00e7aise \u00bb<\/strong> insiste sur le texte et l&rsquo;auteur (Brassens, Brel, Barbara) ; <strong>\u00ab vari\u00e9t\u00e9 fran\u00e7aise \u00bb<\/strong> d\u00e9signe son versant le plus populaire et le plus vendeur (Sardou, Dassin, Goldman). Les deux se croisent en permanence : Jacques Revaux a compos\u00e9 aussi bien \u00ab Comme d&rsquo;habitude \u00bb que \u00ab Les Lacs du Connemara \u00bb.<\/div>\n<\/details>\n<details>\n<summary>Les radios sont-elles vraiment oblig\u00e9es de passer de la chanson fran\u00e7aise ?<\/summary>\n<div class=\"gp7-telemusic-faq-a\">Oui. Depuis 1996, en application de la loi du 1<sup>er<\/sup> f\u00e9vrier 1994, les radios priv\u00e9es doivent diffuser <strong>40 % de chansons d&rsquo;expression fran\u00e7aise<\/strong> aux heures d&rsquo;\u00e9coute significatives, dont <strong>la moiti\u00e9 au moins<\/strong> de nouveaux talents ou de nouvelles productions. Des r\u00e9gimes d\u00e9rogatoires existent (35 % pour les radios sp\u00e9cialis\u00e9es jeunes talents, 60 % pour les radios de patrimoine, 15 % de nouveaut\u00e9s francophones pour les radios de d\u00e9couverte musicale depuis juillet 2016). Le respect de ces obligations est contr\u00f4l\u00e9 par l&rsquo;Arcom.<\/div>\n<\/details>\n<details>\n<summary>Quelle chanson fran\u00e7aise s&rsquo;est le plus vendue ?<\/summary>\n<div class=\"gp7-telemusic-faq-a\"><strong>\u00ab Petit Papa No\u00ebl \u00bb<\/strong> de Tino Rossi, enregistr\u00e9e en 1946, avec environ <strong>5,7 millions<\/strong> de singles \u00e9coul\u00e9s en France. Aucun titre n&rsquo;a approch\u00e9 ce chiffre depuis : le deuxi\u00e8me du classement historique, \u00ab La Danse des canards \u00bb de J.J. Lionel (1981), plafonne \u00e0 2,7 millions.<\/div>\n<\/details>\n<\/div>\n<div class=\"gp7-telemusic-retenir\">\n<span class=\"gp7-telemusic-kicker\" style=\"color:#F9C8E3\">\u2705 \u00c0 retenir<\/span><\/p>\n<ul>\n<li>La <strong>chanson fran\u00e7aise<\/strong> est le r\u00e9pertoire francophone o\u00f9 <strong>le texte commande<\/strong> ; \u00ab vari\u00e9t\u00e9 \u00bb en d\u00e9signe le versant grand public, pas un genre diff\u00e9rent.<\/li>\n<li>Rep\u00e8re de naissance commode : <strong>\u00ab Le Temps des cerises \u00bb<\/strong>, paroles de 1866, musique de 1868.<\/li>\n<li>Depuis 1996, les radios priv\u00e9es doivent diffuser <strong>40 % de titres francophones<\/strong>, dont la moiti\u00e9 de nouveaux talents \u2014 loi du 1<sup>er<\/sup> f\u00e9vrier 1994, contr\u00f4le de l&rsquo;Arcom.<\/li>\n<li>Record de ventes toujours debout : <strong>\u00ab Petit Papa No\u00ebl \u00bb<\/strong>, 5,7 millions de singles.<\/li>\n<li>March\u00e9 2025 (SNEP) : <strong>1 071 M\u20ac<\/strong>, +3,9 %, <strong>122 milliards d&rsquo;\u00e9coutes<\/strong>, production fran\u00e7aise aux <strong>trois quarts<\/strong> des volumes du Top 200.<\/li>\n<\/ul>\n<\/div>\n<\/div>\n<p style=\"font-size:13px;color:#8a7a85;margin-top:26px\">Photo d&rsquo;illustration : Yan Krukau \/ Pexels<\/p>\n<p><script type=\"application\/ld+json\">{\"@context\": \"https:\/\/schema.org\", \"@type\": \"FAQPage\", \"mainEntity\": [{\"@type\": \"Question\", \"name\": \"Quelle est la diff\u00e9rence entre chanson fran\u00e7aise et vari\u00e9t\u00e9 fran\u00e7aise ?\", \"acceptedAnswer\": {\"@type\": \"Answer\", \"text\": \"Aucune diff\u00e9rence de nature : ce sont deux fa\u00e7ons de nommer le m\u00eame r\u00e9pertoire. \u00ab Chanson fran\u00e7aise \u00bb insiste sur le texte et l'auteur (Brassens, Brel, Barbara) ; \u00ab vari\u00e9t\u00e9 fran\u00e7aise \u00bb d\u00e9signe son versant le plus populaire et le plus vendeur (Sardou, Dassin, Goldman). Les deux se croisent en permanence : Jacques Revaux a compos\u00e9 aussi bien \u00ab Comme d'habitude \u00bb que \u00ab Les Lacs du Connemara \u00bb.\"}}, {\"@type\": \"Question\", \"name\": \"Les radios sont-elles vraiment oblig\u00e9es de passer de la chanson fran\u00e7aise ?\", \"acceptedAnswer\": {\"@type\": \"Answer\", \"text\": \"Oui. Depuis 1996, en application de la loi du 1er f\u00e9vrier 1994, les radios priv\u00e9es doivent diffuser 40 % de chansons d'expression fran\u00e7aise aux heures d'\u00e9coute significatives, dont la moiti\u00e9 au moins de nouveaux talents ou de nouvelles productions. Des r\u00e9gimes d\u00e9rogatoires existent (35 % pour les radios sp\u00e9cialis\u00e9es jeunes talents, 60 % pour les radios de patrimoine, 15 % de nouveaut\u00e9s francophones pour les radios de d\u00e9couverte musicale depuis juillet 2016). Le respect de ces obligations est contr\u00f4l\u00e9 par l'Arcom.\"}}, {\"@type\": \"Question\", \"name\": \"Quelle chanson fran\u00e7aise s'est le plus vendue ?\", \"acceptedAnswer\": {\"@type\": \"Answer\", \"text\": \"\u00ab Petit Papa No\u00ebl \u00bb de Tino Rossi, enregistr\u00e9e en 1946, avec environ 5,7 millions de singles \u00e9coul\u00e9s en France. Aucun titre n'a approch\u00e9 ce chiffre depuis : le deuxi\u00e8me du classement historique, \u00ab La Danse des canards \u00bb de J.J. Lionel (1981), plafonne \u00e0 2,7 millions.\"}}]}<\/script><\/p>\n","protected":false},"excerpt":{"rendered":"","protected":false},"author":40,"featured_media":8150,"comment_status":"open","ping_status":"open","sticky":false,"template":"","format":"standard","meta":{"_acf_changed":false,"manual_indexmenow":false,"indexmenow_id_project":0,"footnotes":""},"categories":[4524],"tags":[],"class_list":["post-8149","post","type-post","status-publish","format-standard","has-post-thumbnail","hentry","category-guides-et-conseils-musique","generate-columns","tablet-grid-50","mobile-grid-100","grid-parent","grid-25"],"acf":[],"yoast_head":"<!-- This site is optimized with the Yoast SEO Premium plugin v21.3 (Yoast SEO v25.4) - https:\/\/yoast.com\/wordpress\/plugins\/seo\/ -->\n<title>Chanson fran\u00e7aise : histoire, courants et titres cultes<\/title>\n<meta name=\"description\" content=\"Chanson fran\u00e7aise : d\u00e9finition, grandes \u00e9tapes de 1866 \u00e0 2026, le quota radio de 40 %, 20 titres cultes et les chiffres du march\u00e9 2025.\" \/>\n<meta name=\"robots\" content=\"index, follow, max-snippet:-1, max-image-preview:large, max-video-preview:-1\" \/>\n<link rel=\"canonical\" href=\"https:\/\/telemusic.fr\/blog\/guides-et-conseils-musique\/chanson-francaise-histoire-courants-titres-cultes\/\" \/>\n<meta property=\"og:locale\" content=\"fr_FR\" \/>\n<meta property=\"og:type\" content=\"article\" \/>\n<meta property=\"og:title\" content=\"Chanson fran\u00e7aise : histoire, courants et titres cultes\" \/>\n<meta property=\"og:description\" content=\"Chanson fran\u00e7aise : d\u00e9finition, grandes \u00e9tapes de 1866 \u00e0 2026, le quota radio de 40 %, 20 titres cultes et les chiffres du march\u00e9 2025.\" \/>\n<meta property=\"og:url\" content=\"https:\/\/telemusic.fr\/blog\/guides-et-conseils-musique\/chanson-francaise-histoire-courants-titres-cultes\/\" \/>\n<meta property=\"og:site_name\" content=\"telemusic.\" \/>\n<meta property=\"og:image\" content=\"https:\/\/telemusic.fr\/blog\/wp-content\/uploads\/2026\/08\/pexels-photo-8520185.jpeg\" \/>\n<meta name=\"author\" content=\"Sophie Lefevre\" \/>\n<meta name=\"twitter:card\" content=\"summary_large_image\" \/>\n<meta name=\"twitter:image\" content=\"https:\/\/telemusic.fr\/blog\/wp-content\/uploads\/2026\/08\/pexels-photo-8520185.jpeg\" \/>\n<script type=\"application\/ld+json\" class=\"yoast-schema-graph\">{\"@context\":\"https:\/\/schema.org\",\"@graph\":[{\"@type\":\"NewsArticle\",\"@id\":\"https:\/\/telemusic.fr\/blog\/guides-et-conseils-musique\/chanson-francaise-histoire-courants-titres-cultes\/#article\",\"isPartOf\":{\"@id\":\"https:\/\/telemusic.fr\/blog\/guides-et-conseils-musique\/chanson-francaise-histoire-courants-titres-cultes\/\"},\"author\":{\"name\":\"Sophie Lefevre\",\"@id\":\"https:\/\/telemusic.fr\/blog\/#\/schema\/person\/2b214e39ede5bfec2913b7af0f161474\"},\"headline\":\"Chanson fran\u00e7aise : histoire, courants et 20 titres cultes\",\"datePublished\":\"2026-08-30T05:30:00+00:00\",\"mainEntityOfPage\":{\"@id\":\"https:\/\/telemusic.fr\/blog\/guides-et-conseils-musique\/chanson-francaise-histoire-courants-titres-cultes\/\"},\"wordCount\":2240,\"commentCount\":0,\"publisher\":{\"@id\":\"https:\/\/telemusic.fr\/blog\/#organization\"},\"image\":{\"@id\":\"https:\/\/telemusic.fr\/blog\/guides-et-conseils-musique\/chanson-francaise-histoire-courants-titres-cultes\/#primaryimage\"},\"thumbnailUrl\":\"https:\/\/telemusic.fr\/blog\/wp-content\/uploads\/2026\/08\/pexels-photo-8520185.jpeg\",\"articleSection\":[\"Guides et Conseils Musique\"],\"inLanguage\":\"fr-FR\",\"potentialAction\":[{\"@type\":\"CommentAction\",\"name\":\"Comment\",\"target\":[\"https:\/\/telemusic.fr\/blog\/guides-et-conseils-musique\/chanson-francaise-histoire-courants-titres-cultes\/#respond\"]}]},{\"@type\":\"WebPage\",\"@id\":\"https:\/\/telemusic.fr\/blog\/guides-et-conseils-musique\/chanson-francaise-histoire-courants-titres-cultes\/\",\"url\":\"https:\/\/telemusic.fr\/blog\/guides-et-conseils-musique\/chanson-francaise-histoire-courants-titres-cultes\/\",\"name\":\"Chanson fran\u00e7aise : histoire, courants et titres cultes\",\"isPartOf\":{\"@id\":\"https:\/\/telemusic.fr\/blog\/#website\"},\"primaryImageOfPage\":{\"@id\":\"https:\/\/telemusic.fr\/blog\/guides-et-conseils-musique\/chanson-francaise-histoire-courants-titres-cultes\/#primaryimage\"},\"image\":{\"@id\":\"https:\/\/telemusic.fr\/blog\/guides-et-conseils-musique\/chanson-francaise-histoire-courants-titres-cultes\/#primaryimage\"},\"thumbnailUrl\":\"https:\/\/telemusic.fr\/blog\/wp-content\/uploads\/2026\/08\/pexels-photo-8520185.jpeg\",\"datePublished\":\"2026-08-30T05:30:00+00:00\",\"description\":\"Chanson fran\u00e7aise : d\u00e9finition, grandes \u00e9tapes de 1866 \u00e0 2026, le quota radio de 40 %, 20 titres cultes et les chiffres du march\u00e9 2025.\",\"inLanguage\":\"fr-FR\",\"potentialAction\":[{\"@type\":\"ReadAction\",\"target\":[\"https:\/\/telemusic.fr\/blog\/guides-et-conseils-musique\/chanson-francaise-histoire-courants-titres-cultes\/\"]}]},{\"@type\":\"ImageObject\",\"inLanguage\":\"fr-FR\",\"@id\":\"https:\/\/telemusic.fr\/blog\/guides-et-conseils-musique\/chanson-francaise-histoire-courants-titres-cultes\/#primaryimage\",\"url\":\"https:\/\/telemusic.fr\/blog\/wp-content\/uploads\/2026\/08\/pexels-photo-8520185.jpeg\",\"contentUrl\":\"https:\/\/telemusic.fr\/blog\/wp-content\/uploads\/2026\/08\/pexels-photo-8520185.jpeg\",\"width\":1200,\"height\":800,\"caption\":\"Accord\u00e9on rouge pos\u00e9 sur un tabouret \u00e0 c\u00f4t\u00e9 de partitions de musique\"},{\"@type\":\"WebSite\",\"@id\":\"https:\/\/telemusic.fr\/blog\/#website\",\"url\":\"https:\/\/telemusic.fr\/blog\/\",\"name\":\"telemusic.fr\",\"description\":\"La symphonie des m\u00e9dias.\",\"publisher\":{\"@id\":\"https:\/\/telemusic.fr\/blog\/#organization\"},\"alternateName\":\"La symphonie des m\u00e9dias.\",\"potentialAction\":[{\"@type\":\"SearchAction\",\"target\":{\"@type\":\"EntryPoint\",\"urlTemplate\":\"https:\/\/telemusic.fr\/blog\/?s={search_term_string}\"},\"query-input\":{\"@type\":\"PropertyValueSpecification\",\"valueRequired\":true,\"valueName\":\"search_term_string\"}}],\"inLanguage\":\"fr-FR\"},{\"@type\":\"Organization\",\"@id\":\"https:\/\/telemusic.fr\/blog\/#organization\",\"name\":\"Foretsensations.fr\",\"url\":\"https:\/\/telemusic.fr\/blog\/\",\"logo\":{\"@type\":\"ImageObject\",\"inLanguage\":\"fr-FR\",\"@id\":\"https:\/\/telemusic.fr\/blog\/#\/schema\/logo\/image\/\",\"url\":\"https:\/\/telemusic.fr\/blog\/wp-content\/uploads\/2024\/12\/39.png\",\"contentUrl\":\"https:\/\/telemusic.fr\/blog\/wp-content\/uploads\/2024\/12\/39.png\",\"width\":500,\"height\":500,\"caption\":\"Foretsensations.fr\"},\"image\":{\"@id\":\"https:\/\/telemusic.fr\/blog\/#\/schema\/logo\/image\/\"}},{\"@type\":\"Person\",\"@id\":\"https:\/\/telemusic.fr\/blog\/#\/schema\/person\/2b214e39ede5bfec2913b7af0f161474\",\"name\":\"Sophie Lefevre\",\"image\":{\"@type\":\"ImageObject\",\"inLanguage\":\"fr-FR\",\"@id\":\"https:\/\/telemusic.fr\/blog\/#\/schema\/person\/image\/\",\"url\":\"https:\/\/secure.gravatar.com\/avatar\/?s=96&d=mm&r=g\",\"contentUrl\":\"https:\/\/secure.gravatar.com\/avatar\/?s=96&d=mm&r=g\",\"caption\":\"Sophie Lefevre\"},\"description\":\"Curatrice musicale passionn\u00e9e, Sophie propose des playlists th\u00e9matiques, des critiques d\u2019albums et des d\u00e9couvertes d\u2019artistes \u00e9mergents.\",\"sameAs\":[\"https:\/\/sophie-lefevre.fr\/\"],\"url\":\"https:\/\/telemusic.fr\/blog\/auteur\/sophie-lefevre\/\",\"jobTitle\":\"Chroniqueuse tourisme\",\"email\":\"sophie.lefevre@travellover.fr\"}]}<\/script>\n<!-- \/ Yoast SEO Premium plugin. -->","yoast_head_json":{"title":"Chanson fran\u00e7aise : histoire, courants et titres cultes","description":"Chanson fran\u00e7aise : d\u00e9finition, grandes \u00e9tapes de 1866 \u00e0 2026, le quota radio de 40 %, 20 titres cultes et les chiffres du march\u00e9 2025.","robots":{"index":"index","follow":"follow","max-snippet":"max-snippet:-1","max-image-preview":"max-image-preview:large","max-video-preview":"max-video-preview:-1"},"canonical":"https:\/\/telemusic.fr\/blog\/guides-et-conseils-musique\/chanson-francaise-histoire-courants-titres-cultes\/","og_locale":"fr_FR","og_type":"article","og_title":"Chanson fran\u00e7aise : histoire, courants et titres cultes","og_description":"Chanson fran\u00e7aise : d\u00e9finition, grandes \u00e9tapes de 1866 \u00e0 2026, le quota radio de 40 %, 20 titres cultes et les chiffres du march\u00e9 2025.","og_url":"https:\/\/telemusic.fr\/blog\/guides-et-conseils-musique\/chanson-francaise-histoire-courants-titres-cultes\/","og_site_name":"telemusic.","og_image":[{"url":"https:\/\/telemusic.fr\/blog\/wp-content\/uploads\/2026\/08\/pexels-photo-8520185.jpeg","type":"","width":"","height":""}],"author":"Sophie Lefevre","twitter_card":"summary_large_image","twitter_image":"https:\/\/telemusic.fr\/blog\/wp-content\/uploads\/2026\/08\/pexels-photo-8520185.jpeg","schema":{"@context":"https:\/\/schema.org","@graph":[{"@type":"NewsArticle","@id":"https:\/\/telemusic.fr\/blog\/guides-et-conseils-musique\/chanson-francaise-histoire-courants-titres-cultes\/#article","isPartOf":{"@id":"https:\/\/telemusic.fr\/blog\/guides-et-conseils-musique\/chanson-francaise-histoire-courants-titres-cultes\/"},"author":{"name":"Sophie Lefevre","@id":"https:\/\/telemusic.fr\/blog\/#\/schema\/person\/2b214e39ede5bfec2913b7af0f161474"},"headline":"Chanson fran\u00e7aise : histoire, courants et 20 titres cultes","datePublished":"2026-08-30T05:30:00+00:00","mainEntityOfPage":{"@id":"https:\/\/telemusic.fr\/blog\/guides-et-conseils-musique\/chanson-francaise-histoire-courants-titres-cultes\/"},"wordCount":2240,"commentCount":0,"publisher":{"@id":"https:\/\/telemusic.fr\/blog\/#organization"},"image":{"@id":"https:\/\/telemusic.fr\/blog\/guides-et-conseils-musique\/chanson-francaise-histoire-courants-titres-cultes\/#primaryimage"},"thumbnailUrl":"https:\/\/telemusic.fr\/blog\/wp-content\/uploads\/2026\/08\/pexels-photo-8520185.jpeg","articleSection":["Guides et Conseils Musique"],"inLanguage":"fr-FR","potentialAction":[{"@type":"CommentAction","name":"Comment","target":["https:\/\/telemusic.fr\/blog\/guides-et-conseils-musique\/chanson-francaise-histoire-courants-titres-cultes\/#respond"]}]},{"@type":"WebPage","@id":"https:\/\/telemusic.fr\/blog\/guides-et-conseils-musique\/chanson-francaise-histoire-courants-titres-cultes\/","url":"https:\/\/telemusic.fr\/blog\/guides-et-conseils-musique\/chanson-francaise-histoire-courants-titres-cultes\/","name":"Chanson fran\u00e7aise : histoire, courants et titres cultes","isPartOf":{"@id":"https:\/\/telemusic.fr\/blog\/#website"},"primaryImageOfPage":{"@id":"https:\/\/telemusic.fr\/blog\/guides-et-conseils-musique\/chanson-francaise-histoire-courants-titres-cultes\/#primaryimage"},"image":{"@id":"https:\/\/telemusic.fr\/blog\/guides-et-conseils-musique\/chanson-francaise-histoire-courants-titres-cultes\/#primaryimage"},"thumbnailUrl":"https:\/\/telemusic.fr\/blog\/wp-content\/uploads\/2026\/08\/pexels-photo-8520185.jpeg","datePublished":"2026-08-30T05:30:00+00:00","description":"Chanson fran\u00e7aise : d\u00e9finition, grandes \u00e9tapes de 1866 \u00e0 2026, le quota radio de 40 %, 20 titres cultes et les chiffres du march\u00e9 2025.","inLanguage":"fr-FR","potentialAction":[{"@type":"ReadAction","target":["https:\/\/telemusic.fr\/blog\/guides-et-conseils-musique\/chanson-francaise-histoire-courants-titres-cultes\/"]}]},{"@type":"ImageObject","inLanguage":"fr-FR","@id":"https:\/\/telemusic.fr\/blog\/guides-et-conseils-musique\/chanson-francaise-histoire-courants-titres-cultes\/#primaryimage","url":"https:\/\/telemusic.fr\/blog\/wp-content\/uploads\/2026\/08\/pexels-photo-8520185.jpeg","contentUrl":"https:\/\/telemusic.fr\/blog\/wp-content\/uploads\/2026\/08\/pexels-photo-8520185.jpeg","width":1200,"height":800,"caption":"Accord\u00e9on rouge pos\u00e9 sur un tabouret \u00e0 c\u00f4t\u00e9 de partitions de musique"},{"@type":"WebSite","@id":"https:\/\/telemusic.fr\/blog\/#website","url":"https:\/\/telemusic.fr\/blog\/","name":"telemusic.fr","description":"La symphonie des m\u00e9dias.","publisher":{"@id":"https:\/\/telemusic.fr\/blog\/#organization"},"alternateName":"La symphonie des m\u00e9dias.","potentialAction":[{"@type":"SearchAction","target":{"@type":"EntryPoint","urlTemplate":"https:\/\/telemusic.fr\/blog\/?s={search_term_string}"},"query-input":{"@type":"PropertyValueSpecification","valueRequired":true,"valueName":"search_term_string"}}],"inLanguage":"fr-FR"},{"@type":"Organization","@id":"https:\/\/telemusic.fr\/blog\/#organization","name":"Foretsensations.fr","url":"https:\/\/telemusic.fr\/blog\/","logo":{"@type":"ImageObject","inLanguage":"fr-FR","@id":"https:\/\/telemusic.fr\/blog\/#\/schema\/logo\/image\/","url":"https:\/\/telemusic.fr\/blog\/wp-content\/uploads\/2024\/12\/39.png","contentUrl":"https:\/\/telemusic.fr\/blog\/wp-content\/uploads\/2024\/12\/39.png","width":500,"height":500,"caption":"Foretsensations.fr"},"image":{"@id":"https:\/\/telemusic.fr\/blog\/#\/schema\/logo\/image\/"}},{"@type":"Person","@id":"https:\/\/telemusic.fr\/blog\/#\/schema\/person\/2b214e39ede5bfec2913b7af0f161474","name":"Sophie Lefevre","image":{"@type":"ImageObject","inLanguage":"fr-FR","@id":"https:\/\/telemusic.fr\/blog\/#\/schema\/person\/image\/","url":"https:\/\/secure.gravatar.com\/avatar\/?s=96&d=mm&r=g","contentUrl":"https:\/\/secure.gravatar.com\/avatar\/?s=96&d=mm&r=g","caption":"Sophie Lefevre"},"description":"Curatrice musicale passionn\u00e9e, Sophie propose des playlists th\u00e9matiques, des critiques d\u2019albums et des d\u00e9couvertes d\u2019artistes \u00e9mergents.","sameAs":["https:\/\/sophie-lefevre.fr\/"],"url":"https:\/\/telemusic.fr\/blog\/auteur\/sophie-lefevre\/","jobTitle":"Chroniqueuse tourisme","email":"sophie.lefevre@travellover.fr"}]}},"_links":{"self":[{"href":"https:\/\/telemusic.fr\/blog\/wp-json\/wp\/v2\/posts\/8149","targetHints":{"allow":["GET"]}}],"collection":[{"href":"https:\/\/telemusic.fr\/blog\/wp-json\/wp\/v2\/posts"}],"about":[{"href":"https:\/\/telemusic.fr\/blog\/wp-json\/wp\/v2\/types\/post"}],"author":[{"embeddable":true,"href":"https:\/\/telemusic.fr\/blog\/wp-json\/wp\/v2\/users\/40"}],"replies":[{"embeddable":true,"href":"https:\/\/telemusic.fr\/blog\/wp-json\/wp\/v2\/comments?post=8149"}],"version-history":[{"count":1,"href":"https:\/\/telemusic.fr\/blog\/wp-json\/wp\/v2\/posts\/8149\/revisions"}],"predecessor-version":[{"id":8157,"href":"https:\/\/telemusic.fr\/blog\/wp-json\/wp\/v2\/posts\/8149\/revisions\/8157"}],"wp:featuredmedia":[{"embeddable":true,"href":"https:\/\/telemusic.fr\/blog\/wp-json\/wp\/v2\/media\/8150"}],"wp:attachment":[{"href":"https:\/\/telemusic.fr\/blog\/wp-json\/wp\/v2\/media?parent=8149"}],"wp:term":[{"taxonomy":"category","embeddable":true,"href":"https:\/\/telemusic.fr\/blog\/wp-json\/wp\/v2\/categories?post=8149"},{"taxonomy":"post_tag","embeddable":true,"href":"https:\/\/telemusic.fr\/blog\/wp-json\/wp\/v2\/tags?post=8149"}],"curies":[{"name":"wp","href":"https:\/\/api.w.org\/{rel}","templated":true}]}}