{"id":8155,"date":"2026-08-30T07:48:00","date_gmt":"2026-08-30T05:48:00","guid":{"rendered":"https:\/\/telemusic.fr\/blog\/guides-et-conseils-musique\/duo-chanson-francaise-12-duos-marquants\/"},"modified":"2026-08-29T19:41:31","modified_gmt":"2026-08-29T17:41:31","slug":"duo-chanson-francaise-12-duos-marquants","status":"publish","type":"post","link":"https:\/\/telemusic.fr\/blog\/guides-et-conseils-musique\/duo-chanson-francaise-12-duos-marquants\/","title":{"rendered":"Duo chanson fran\u00e7aise : 12 duos qui ont marqu\u00e9 le r\u00e9pertoire"},"content":{"rendered":"<link href=\"https:\/\/fonts.googleapis.com\/css2?family=Sora:wght@600;700;800&#038;family=Manrope:wght@400;600;700;800&#038;display=swap\" rel=\"stylesheet\">\n<style>\n.gp7-telemusic-wrap{font-family:'Manrope',sans-serif;}\n.gp7-telemusic-wrap h2,.gp7-telemusic-wrap h3{font-family:'Sora',sans-serif;line-height:1.25;}\n.gp7-telemusic-wrap h2{border-left:4px solid #B0246E;padding-left:14px;margin-top:44px;}\n.gp7-telemusic-answer{background:#FDF2F8;border:1px solid #F5C9DF;border-radius:12px;padding:18px 22px;margin:0 0 26px;font-size:18px;line-height:1.6;}\n.gp7-telemusic-bref{background:#FDF2F8;border:1px solid #F5C9DF;border-left:4px solid #B0246E;border-radius:12px;padding:20px 24px;margin:28px 0;transition:box-shadow .25s ease;}\n.gp7-telemusic-bref:hover{box-shadow:0 6px 18px rgba(176,36,110,.12);}\n.gp7-telemusic-bref ul{margin:10px 0 0;padding-left:20px;}\n.gp7-telemusic-bref li{margin:7px 0;line-height:1.55;}\n.gp7-telemusic-kicker{font-family:'Sora',sans-serif;font-weight:800;font-size:15px;letter-spacing:.04em;color:#B0246E;text-transform:uppercase;}\n.gp7-telemusic-chiffres{display:flex;flex-wrap:wrap;gap:14px;margin:28px 0;}\n.gp7-telemusic-chiffre{flex:1 1 180px;background:#fff;border:1px solid #ecdce6;border-top:3px solid #B0246E;border-radius:10px;padding:16px 18px;}\n.gp7-telemusic-chiffre b{display:block;font-family:'Sora',sans-serif;font-size:26px;color:#B0246E;line-height:1.15;}\n.gp7-telemusic-chiffre span{display:block;font-size:14px;color:#5a4b55;margin-top:6px;line-height:1.45;}\n.gp7-telemusic-cite{border-left:4px solid #B0246E;background:#FBF7F9;padding:18px 22px;margin:30px 0;font-size:17px;line-height:1.6;font-style:italic;color:#3a2f38;}\n.gp7-telemusic-cite span{display:block;font-style:normal;font-size:14px;color:#7a6a75;margin-top:10px;}\n.gp7-telemusic-note{background:#FFF8E7;border:1px solid #F0DFB0;border-left:4px solid #D9A215;border-radius:10px;padding:16px 20px;margin:26px 0;line-height:1.6;}\n.gp7-telemusic-retenir{background:#231027;border-radius:14px;padding:22px 26px;margin:34px 0;color:#F7EAF2;box-shadow:0 8px 22px rgba(35,16,39,.25);}\n.gp7-telemusic-retenir ul{margin:10px 0 0;padding-left:20px;}\n.gp7-telemusic-retenir li{margin:8px 0;line-height:1.55;color:#F7EAF2!important;}\n.gp7-telemusic-retenir li strong{color:#F9C8E3!important;}\n.gp7-telemusic-faq{margin:30px 0;}\n.gp7-telemusic-faq details{border:1px solid #ecdce6;border-radius:10px;margin:10px 0;padding:0;background:#fff;transition:border-color .2s ease;}\n.gp7-telemusic-faq details:hover{border-color:#B0246E;}\n.gp7-telemusic-faq summary{cursor:pointer;font-weight:700;padding:14px 18px;font-family:'Sora',sans-serif;color:#231027;}\n.gp7-telemusic-faq summary::marker{color:#B0246E;}\n.gp7-telemusic-faq .gp7-telemusic-faq-a{padding:0 18px 14px;line-height:1.6;color:#3a2f38;}\n.gp7-telemusic-tablewrap{overflow-x:auto;margin:24px 0;}\n.gp7-telemusic-tablewrap table{min-width:640px;border-collapse:collapse;width:100%;}\n.gp7-telemusic-tablewrap th{background:#231027;color:#F7EAF2;padding:10px 12px;text-align:left;font-family:'Sora',sans-serif;font-size:14px;}\n.gp7-telemusic-tablewrap td{border:1px solid #ecdce6;padding:10px 12px;vertical-align:top;font-size:15px;line-height:1.5;}\n.gp7-telemusic-tablewrap tr:nth-child(even) td{background:#FCF8FA;}\n.gp7-telemusic-wrap a{color:#B0246E;}\n.gp7-telemusic-suite{background:#FDF2F8;border:1px solid #F5C9DF;border-radius:12px;padding:18px 22px;margin:30px 0;line-height:1.7;}\n.gp7-telemusic-suite ul{margin:10px 0 0;padding-left:20px;}\n<\/style>\n<div class=\"gp7-telemusic-wrap\">\n<p class=\"gp7-telemusic-answer\"><strong>Le duo est une tradition \u00e0 part enti\u00e8re de la chanson fran\u00e7aise : de \u00ab Je t&rsquo;aime\u2026 moi non plus \u00bb de Serge Gainsbourg et Jane Birkin, n\u00b0 1 au Royaume-Uni en 1969 malgr\u00e9 l&rsquo;interdiction de la BBC, \u00e0 l&rsquo;album <em>VersuS<\/em> de Vitaa et Slimane, album le plus vendu en France en 2020 toutes cat\u00e9gories confondues et certifi\u00e9 double diamant.<\/strong> Voici 12 duos qui ont compt\u00e9, avec pour chacun la date, le chiffre et ce qu&rsquo;ils ont chang\u00e9.<\/p>\n<div class=\"gp7-telemusic-bref\">\n<span class=\"gp7-telemusic-kicker\">\u26a1 En bref<\/span><\/p>\n<ul>\n<li><strong>Le duo fondateur<\/strong> : Gainsbourg \/ Birkin, 1969 \u2014 interdit par la BBC, condamn\u00e9 par le Vatican, et n\u00b0 1 au Royaume-Uni quand m\u00eame.<\/li>\n<li><strong>Le duo le plus vendeur du streaming<\/strong> : Vitaa et Slimane, <em>VersuS<\/em> (23 ao\u00fbt 2019), album le plus vendu en France en 2020, <strong>double diamant<\/strong>.<\/li>\n<li><strong>Le duo le plus prim\u00e9 r\u00e9cemment<\/strong> : Grand Corps Malade et Camille Lellouche, \u00ab Mais je t&rsquo;aime \u00bb \u2014 <strong>Victoire de la chanson originale 2021<\/strong>.<\/li>\n<li><strong>Attention au faux ami<\/strong> : \u00ab Belle \u00bb (1998) n&rsquo;est pas un duo mais un <strong>trio<\/strong> \u2014 Garou, Daniel Lavoie et Patrick Fiori.<\/li>\n<\/ul>\n<\/div>\n<div class=\"gp7-telemusic-chiffres\">\n<div class=\"gp7-telemusic-chiffre\"><b>1969<\/b><span>\u00ab Je t&rsquo;aime\u2026 moi non plus \u00bb : n\u00b0 1 au Royaume-Uni malgr\u00e9 l&rsquo;interdiction BBC<\/span><\/div>\n<div class=\"gp7-telemusic-chiffre\"><b>2 \u00d7 \ud83d\udc8e<\/b><span>double diamant pour <em>VersuS<\/em> de Vitaa et Slimane<\/span><\/div>\n<div class=\"gp7-telemusic-chiffre\"><b>2021<\/b><span>Victoire de la chanson originale pour \u00ab Mais je t&rsquo;aime \u00bb<\/span><\/div>\n<div class=\"gp7-telemusic-chiffre\"><b>\u2248 2,2 M<\/b><span>de singles pour \u00ab Belle \u00bb (1998) \u2014 un trio, pas un duo<\/span><\/div>\n<\/div>\n<h2>Pourquoi le duo marche aussi bien en fran\u00e7ais<\/h2>\n<p>Un duo n&rsquo;est pas seulement deux personnes qui chantent en m\u00eame temps. Dans la chanson fran\u00e7aise, il sert presque toujours \u00e0 <strong>mettre en sc\u00e8ne un dialogue<\/strong> : deux points de vue, deux voix qui se r\u00e9pondent, une histoire qui avance entre les deux. C&rsquo;est une diff\u00e9rence nette avec le <em>featuring<\/em> anglo-saxon, o\u00f9 l&rsquo;invit\u00e9 pose souvent un couplet sans changer la nature du morceau.<\/p>\n<p><strong>Concr\u00e8tement<\/strong>, \u00e7a explique pourquoi les duos fran\u00e7ais les plus marquants sont des duos <strong>homme-femme<\/strong> : la confrontation des timbres rend le dialogue audible d\u00e8s la premi\u00e8re \u00e9coute, m\u00eame sans lire les paroles.<\/p>\n<h2>Les 12 duos qui ont marqu\u00e9 la chanson fran\u00e7aise<\/h2>\n<h3>Les fondateurs<\/h3>\n<ol>\n<li><strong>Serge Gainsbourg et Jane Birkin \u2014 \u00ab Je t&rsquo;aime\u2026 moi non plus \u00bb (single 1969).<\/strong> Le duo qui a fait basculer le sujet. Interdit d&rsquo;antenne par la BBC, banni de plusieurs pays, d\u00e9nonc\u00e9 par le Vatican dans <em>L&rsquo;Osservatore Romano<\/em> \u2014 et malgr\u00e9 tout <strong>n\u00b0 1 des ventes au Royaume-Uni<\/strong>, ce qu&rsquo;aucun disque interdit n&rsquo;avait r\u00e9ussi avant lui. En France, sa diffusion \u00e9tait repouss\u00e9e apr\u00e8s 23 heures.<\/li>\n<li><strong>Serge Gainsbourg et Brigitte Bardot \u2014 \u00ab Bonnie and Clyde \u00bb (1968).<\/strong> Le brouillon g\u00e9nial du pr\u00e9c\u00e9dent : c&rsquo;est avec Bardot que Gainsbourg avait d&rsquo;abord enregistr\u00e9 \u00ab Je t&rsquo;aime\u2026 moi non plus \u00bb, version rest\u00e9e dans un tiroir pendant onze ans.<\/li>\n<li><strong>Jean-Jacques Goldman et Michael Jones \u2014 \u00ab Je te donne \u00bb (1985).<\/strong> Un duo bilingue fran\u00e7ais-gallois, construit pour que deux voix tr\u00e8s diff\u00e9rentes se compl\u00e8tent au lieu de se concurrencer. Le mod\u00e8le du duo \u00ab \u00e0 parts \u00e9gales \u00bb.<\/li>\n<\/ol>\n<h3>Les monuments de vari\u00e9t\u00e9<\/h3>\n<ol start=\"4\">\n<li><strong>C\u00e9line Dion et Jean-Jacques Goldman \u2014 \u00ab J&rsquo;irai o\u00f9 tu iras \u00bb (1995).<\/strong> Extrait de <em>D&rsquo;eux<\/em>, album enti\u00e8rement \u00e9crit et produit par Goldman, sorti le 3 avril 1995 en France, et consid\u00e9r\u00e9 comme l&rsquo;<strong>album francophone le plus vendu de l&rsquo;histoire<\/strong>. Le duo y est presque un aveu : l&rsquo;auteur descend de la coulisse pour chanter avec son interpr\u00e8te.<\/li>\n<li><strong>Garou et C\u00e9line Dion \u2014 \u00ab Sous le vent \u00bb (2000).<\/strong> Le duo de karaok\u00e9 par excellence, taill\u00e9 pour deux voix oppos\u00e9es : le grave r\u00e2peux contre le soprano.<\/li>\n<li><strong>Marc Lavoine et Cristina Marocco \u2014 \u00ab J&rsquo;ai tout oubli\u00e9 \u00bb (2001).<\/strong> Le duo de la conversation ordinaire : deux personnes qui se parlent, pas deux virtuoses qui s&rsquo;affrontent.<\/li>\n<\/ol>\n<h3>Les duos qui ont brouill\u00e9 les genres<\/h3>\n<ol start=\"7\">\n<li><strong>Calogero et Passi \u2014 \u00ab Face \u00e0 la mer \u00bb (2004).<\/strong> Rencontre de la vari\u00e9t\u00e9 et du rap \u00e0 un moment o\u00f9 les deux mondes ne se parlaient pas encore.<\/li>\n<li><strong>\u00c9tienne Daho et Charlotte Gainsbourg \u2014 \u00ab If \u00bb (2007).<\/strong> Deux voix volontairement basses et proches, \u00e0 contre-courant de la logique du contraste.<\/li>\n<li><strong>Grand Corps Malade et Camille Lellouche \u2014 \u00ab Mais je t&rsquo;aime \u00bb (single du 19 juin 2020).<\/strong> Le slam rencontre la voix soul. Extrait de l&rsquo;album <em>Mesdames<\/em>, sorti le <strong>11 septembre 2020<\/strong>, le titre a re\u00e7u la <strong>Victoire de la chanson originale en 2021<\/strong> \u2014 et reste la meilleure entr\u00e9e de Grand Corps Malade au classement fran\u00e7ais des singles.<\/li>\n<\/ol>\n<h3>La g\u00e9n\u00e9ration streaming<\/h3>\n<ol start=\"10\">\n<li><strong>Vitaa et Slimane \u2014 <em>VersuS<\/em> (23 ao\u00fbt 2019).<\/strong> Pas un duo d&rsquo;un soir mais un <strong>album entier \u00e0 deux<\/strong>, ce qui \u00e9tait devenu rare. R\u00e9sultat : <strong>album le plus vendu en France en 2020, toutes cat\u00e9gories confondues<\/strong>, certifi\u00e9 <strong>double diamant<\/strong>, avec trois singles certifi\u00e9s diamant (\u00ab Je te le donne \u00bb, \u00ab \u00c7a va \u00e7a vient \u00bb, \u00ab Avant toi \u00bb).<\/li>\n<li><strong>Vitaa et Slimane \u2014 \u00ab \u00c7a va \u00e7a vient \u00bb (21 juin 2019).<\/strong> Le titre qui a install\u00e9 le projet, et la d\u00e9monstration que le duo homme-femme fonctionne aussi en playlist.<\/li>\n<li><strong>Le cas \u00ab Belle \u00bb (1998)<\/strong> \u2014 \u00e0 ranger \u00e0 part, et c&rsquo;est le point que la moiti\u00e9 des listes se trompe \u00e0 \u00e9crire : ce n&rsquo;est pas un duo mais un <strong>trio<\/strong>, interpr\u00e9t\u00e9 par <strong>Garou<\/strong> (Quasimodo), <strong>Daniel Lavoie<\/strong> (Frollo) et <strong>Patrick Fiori<\/strong> (Ph\u0153bus), sur des paroles de Luc Plamondon et une musique de Richard Cocciante. Environ <strong>2,2 millions<\/strong> de singles, <strong>18 semaines<\/strong> \u00e0 la premi\u00e8re place et la <strong>Victoire de la musique 1999<\/strong> de la chanson de l&rsquo;ann\u00e9e.<\/li>\n<\/ol>\n<div class=\"gp7-telemusic-tablewrap\">\n<table>\n<thead>\n<tr>\n<th>Duo<\/th>\n<th>Titre \/ projet<\/th>\n<th>Ann\u00e9e<\/th>\n<th>Le fait marquant<\/th>\n<\/tr>\n<\/thead>\n<tbody>\n<tr>\n<td>Gainsbourg \/ Birkin<\/td>\n<td>Je t&rsquo;aime\u2026 moi non plus<\/td>\n<td>1969<\/td>\n<td>N\u00b0 1 au Royaume-Uni malgr\u00e9 l&rsquo;interdiction de la BBC ; condamn\u00e9 par le Vatican<\/td>\n<\/tr>\n<tr>\n<td>Gainsbourg \/ Bardot<\/td>\n<td>Bonnie and Clyde<\/td>\n<td>1968<\/td>\n<td>Premi\u00e8re version de \u00ab Je t&rsquo;aime\u2026 moi non plus \u00bb, rest\u00e9e in\u00e9dite 11 ans<\/td>\n<\/tr>\n<tr>\n<td>Goldman \/ Jones<\/td>\n<td>Je te donne<\/td>\n<td>1985<\/td>\n<td>Duo bilingue \u00e0 parts \u00e9gales<\/td>\n<\/tr>\n<tr>\n<td>Dion \/ Goldman<\/td>\n<td>J&rsquo;irai o\u00f9 tu iras<\/td>\n<td>1995<\/td>\n<td>Extrait de <em>D&rsquo;eux<\/em>, album francophone le plus vendu de l&rsquo;histoire<\/td>\n<\/tr>\n<tr>\n<td>Grand Corps Malade \/ Lellouche<\/td>\n<td>Mais je t&rsquo;aime<\/td>\n<td>2020<\/td>\n<td>Victoire de la chanson originale 2021<\/td>\n<\/tr>\n<tr>\n<td>Vitaa \/ Slimane<\/td>\n<td><em>VersuS<\/em><\/td>\n<td>2019<\/td>\n<td>Album le plus vendu en France en 2020, double diamant<\/td>\n<\/tr>\n<tr>\n<td>Fiori \/ Garou \/ Lavoie<\/td>\n<td>Belle<\/td>\n<td>1998<\/td>\n<td><strong>Trio<\/strong> \u2014 \u2248 2,2 M de singles, 18 semaines n\u00b0 1, Victoire 1999<\/td>\n<\/tr>\n<\/tbody>\n<\/table>\n<\/div>\n<div class=\"gp7-telemusic-cite\">\nJane Birkin racontait que Serge Gainsbourg appelait le pape \u00ab notre meilleur attach\u00e9 de presse \u00bb.<br \/>\n<span>Apr\u00e8s la condamnation de \u00ab Je t&rsquo;aime\u2026 moi non plus \u00bb par <em>L&rsquo;Osservatore Romano<\/em>, le journal du Vatican, en 1969.<\/span>\n<\/div>\n<div class=\"gp7-telemusic-note\">\n<strong>La nuance \u00e0 conna\u00eetre :<\/strong> les listes de \u00ab duos de la chanson fran\u00e7aise \u00bb m\u00e9langent syst\u00e9matiquement trois choses diff\u00e9rentes \u2014 le <strong>duo d&rsquo;interpr\u00e9tation<\/strong> (deux voix sur un titre), le <strong>duo d&rsquo;\u00e9criture<\/strong> (Goldman \u00e9crivant pour C\u00e9line Dion) et le <strong>groupe \u00e0 deux<\/strong> (Vitaa et Slimane le temps d&rsquo;un projet, Bigflo et Oli en permanence). Ce ne sont pas les m\u00eames objets, et confondre les trois est ce qui produit des classements incoh\u00e9rents.\n<\/div>\n<div class=\"gp7-telemusic-suite\">\n<span class=\"gp7-telemusic-kicker\">\ud83c\udfa7 \u00c0 lire ensuite<\/span><\/p>\n<ul>\n<li>Le dossier complet : <a href=\"https:\/\/telemusic.fr\/blog\/guides-et-conseils-musique\/chanson-francaise-histoire-courants-titres-cultes\/\"><strong>chanson fran\u00e7aise<\/strong><\/a> \u2014 histoire, courants, quota radio et 20 titres cultes.<\/li>\n<li><a href=\"https:\/\/telemusic.fr\/blog\/guides-et-conseils-musique\/chanson-francaise-facile-a-chanter-karaoke\/\"><strong>chanson fran\u00e7aise facile \u00e0 chanter<\/strong><\/a> : les titres accessibles \u00e0 toutes les voix, dont plusieurs de cette liste.<\/li>\n<li><a href=\"https:\/\/telemusic.fr\/blog\/guides-et-conseils-musique\/chanson-francaise-la-plus-connue-classement\/\"><strong>chanson fran\u00e7aise la plus connue<\/strong><\/a> : le classement des titres les plus connus, par les chiffres.<\/li>\n<\/ul>\n<\/div>\n<h2>Questions fr\u00e9quentes<\/h2>\n<div class=\"gp7-telemusic-faq\">\n<details>\n<summary>Quel est le duo le plus c\u00e9l\u00e8bre de la chanson fran\u00e7aise ?<\/summary>\n<div class=\"gp7-telemusic-faq-a\"><strong>Serge Gainsbourg et Jane Birkin<\/strong>, pour \u00ab Je t&rsquo;aime\u2026 moi non plus \u00bb, sorti en single en 1969. Le titre a \u00e9t\u00e9 interdit d&rsquo;antenne par la BBC, banni dans plusieurs pays et condamn\u00e9 par le Vatican dans <em>L&rsquo;Osservatore Romano<\/em> \u2014 ce qui ne l&rsquo;a pas emp\u00each\u00e9 d&rsquo;atteindre la <strong>premi\u00e8re place des ventes au Royaume-Uni<\/strong>.<\/div>\n<\/details>\n<details>\n<summary>\u00ab Belle \u00bb de Notre-Dame de Paris est-il un duo ?<\/summary>\n<div class=\"gp7-telemusic-faq-a\">Non, c&rsquo;est un <strong>trio<\/strong> : <strong>Garou<\/strong> (Quasimodo), <strong>Daniel Lavoie<\/strong> (Frollo) et <strong>Patrick Fiori<\/strong> (Ph\u0153bus), sur un texte de Luc Plamondon et une musique de Richard Cocciante. Le single de 1998 a d\u00e9pass\u00e9 les 2,2 millions d&rsquo;exemplaires en France, est rest\u00e9 <strong>18 semaines<\/strong> en t\u00eate des ventes et a re\u00e7u la <strong>Victoire de la musique 1999<\/strong> de la chanson de l&rsquo;ann\u00e9e.<\/div>\n<\/details>\n<details>\n<summary>Quel duo fran\u00e7ais a le plus vendu r\u00e9cemment ?<\/summary>\n<div class=\"gp7-telemusic-faq-a\"><strong>Vitaa et Slimane<\/strong>, avec l&rsquo;album <em>VersuS<\/em> sorti le <strong>23 ao\u00fbt 2019<\/strong> : il a \u00e9t\u00e9 l&rsquo;<strong>album le plus vendu en France en 2020, toutes cat\u00e9gories confondues<\/strong>, et il est certifi\u00e9 <strong>double diamant<\/strong>. Trois de ses singles \u2014 \u00ab Je te le donne \u00bb, \u00ab \u00c7a va \u00e7a vient \u00bb et \u00ab Avant toi \u00bb \u2014 sont eux-m\u00eames certifi\u00e9s diamant.<\/div>\n<\/details>\n<\/div>\n<div class=\"gp7-telemusic-retenir\">\n<span class=\"gp7-telemusic-kicker\" style=\"color:#F9C8E3\">\u2705 \u00c0 retenir<\/span><\/p>\n<ul>\n<li>Le duo fran\u00e7ais met en sc\u00e8ne un <strong>dialogue<\/strong>, l\u00e0 o\u00f9 le featuring anglo-saxon ajoute un invit\u00e9.<\/li>\n<li><strong>Gainsbourg \/ Birkin (1969)<\/strong> : n\u00b0 1 au Royaume-Uni malgr\u00e9 l&rsquo;interdiction de la BBC et la condamnation du Vatican.<\/li>\n<li><strong>Dion \/ Goldman (1995)<\/strong> : \u00ab J&rsquo;irai o\u00f9 tu iras \u00bb, extrait de <em>D&rsquo;eux<\/em>, album francophone le plus vendu de l&rsquo;histoire.<\/li>\n<li><strong>Vitaa et Slimane (2019)<\/strong> : <em>VersuS<\/em>, album le plus vendu en France en 2020, <strong>double diamant<\/strong>.<\/li>\n<li><strong>\u00ab Belle \u00bb est un trio<\/strong>, pas un duo : Garou, Daniel Lavoie et Patrick Fiori.<\/li>\n<\/ul>\n<\/div>\n<\/div>\n<p style=\"font-size:13px;color:#8a7a85;margin-top:26px\">Photo d&rsquo;illustration : Israel Torres \/ Pexels<\/p>\n<p><script type=\"application\/ld+json\">{\"@context\": \"https:\/\/schema.org\", \"@type\": \"FAQPage\", \"mainEntity\": [{\"@type\": \"Question\", \"name\": \"Quel est le duo le plus c\u00e9l\u00e8bre de la chanson fran\u00e7aise ?\", \"acceptedAnswer\": {\"@type\": \"Answer\", \"text\": \"Serge Gainsbourg et Jane Birkin, pour \u00ab Je t'aime\u2026 moi non plus \u00bb, sorti en single en 1969. Le titre a \u00e9t\u00e9 interdit d'antenne par la BBC, banni dans plusieurs pays et condamn\u00e9 par le Vatican dans L'Osservatore Romano \u2014 ce qui ne l'a pas emp\u00each\u00e9 d'atteindre la premi\u00e8re place des ventes au Royaume-Uni.\"}}, {\"@type\": \"Question\", \"name\": \"\u00ab Belle \u00bb de Notre-Dame de Paris est-il un duo ?\", \"acceptedAnswer\": {\"@type\": \"Answer\", \"text\": \"Non, c'est un trio : Garou (Quasimodo), Daniel Lavoie (Frollo) et Patrick Fiori (Ph\u0153bus), sur un texte de Luc Plamondon et une musique de Richard Cocciante. Le single de 1998 a d\u00e9pass\u00e9 les 2,2 millions d'exemplaires en France, est rest\u00e9 18 semaines en t\u00eate des ventes et a re\u00e7u la Victoire de la musique 1999 de la chanson de l'ann\u00e9e.\"}}, {\"@type\": \"Question\", \"name\": \"Quel duo fran\u00e7ais a le plus vendu r\u00e9cemment ?\", \"acceptedAnswer\": {\"@type\": \"Answer\", \"text\": \"Vitaa et Slimane, avec l'album VersuS sorti le 23 ao\u00fbt 2019 : il a \u00e9t\u00e9 l'album le plus vendu en France en 2020, toutes cat\u00e9gories confondues, et il est certifi\u00e9 double diamant. Trois de ses singles \u2014 \u00ab Je te le donne \u00bb, \u00ab \u00c7a va \u00e7a vient \u00bb et \u00ab Avant toi \u00bb \u2014 sont eux-m\u00eames certifi\u00e9s diamant.\"}}]}<\/script><\/p>\n","protected":false},"excerpt":{"rendered":"","protected":false},"author":39,"featured_media":8156,"comment_status":"open","ping_status":"open","sticky":false,"template":"","format":"standard","meta":{"_acf_changed":false,"manual_indexmenow":false,"indexmenow_id_project":0,"footnotes":""},"categories":[4524],"tags":[],"class_list":["post-8155","post","type-post","status-publish","format-standard","has-post-thumbnail","hentry","category-guides-et-conseils-musique","generate-columns","tablet-grid-50","mobile-grid-100","grid-parent","grid-25"],"acf":[],"yoast_head":"<!-- This site is optimized with the Yoast SEO Premium plugin v21.3 (Yoast SEO v25.4) - https:\/\/yoast.com\/wordpress\/plugins\/seo\/ -->\n<title>Duo chanson fran\u00e7aise : 12 duos qui ont marqu\u00e9<\/title>\n<meta name=\"description\" content=\"Les 12 duos qui ont marqu\u00e9 la chanson fran\u00e7aise, de Gainsbourg-Birkin en 1969 \u00e0 Vitaa et Slimane, avec dates, chiffres et r\u00e9compenses v\u00e9rifi\u00e9s.\" \/>\n<meta name=\"robots\" content=\"index, follow, max-snippet:-1, max-image-preview:large, max-video-preview:-1\" \/>\n<link rel=\"canonical\" href=\"https:\/\/telemusic.fr\/blog\/guides-et-conseils-musique\/duo-chanson-francaise-12-duos-marquants\/\" \/>\n<meta property=\"og:locale\" content=\"fr_FR\" \/>\n<meta property=\"og:type\" content=\"article\" \/>\n<meta property=\"og:title\" content=\"Duo chanson fran\u00e7aise : 12 duos qui ont marqu\u00e9\" \/>\n<meta property=\"og:description\" content=\"Les 12 duos qui ont marqu\u00e9 la chanson fran\u00e7aise, de Gainsbourg-Birkin en 1969 \u00e0 Vitaa et Slimane, avec dates, chiffres et r\u00e9compenses v\u00e9rifi\u00e9s.\" \/>\n<meta property=\"og:url\" content=\"https:\/\/telemusic.fr\/blog\/guides-et-conseils-musique\/duo-chanson-francaise-12-duos-marquants\/\" \/>\n<meta property=\"og:site_name\" content=\"telemusic.\" \/>\n<meta property=\"og:image\" content=\"https:\/\/telemusic.fr\/blog\/wp-content\/uploads\/2026\/08\/pexels-photo-20173207.jpeg\" \/>\n<meta name=\"author\" content=\"Julien Sauvageot\" \/>\n<meta name=\"twitter:card\" content=\"summary_large_image\" \/>\n<meta name=\"twitter:image\" content=\"https:\/\/telemusic.fr\/blog\/wp-content\/uploads\/2026\/08\/pexels-photo-20173207.jpeg\" \/>\n<script type=\"application\/ld+json\" class=\"yoast-schema-graph\">{\"@context\":\"https:\/\/schema.org\",\"@graph\":[{\"@type\":\"NewsArticle\",\"@id\":\"https:\/\/telemusic.fr\/blog\/guides-et-conseils-musique\/duo-chanson-francaise-12-duos-marquants\/#article\",\"isPartOf\":{\"@id\":\"https:\/\/telemusic.fr\/blog\/guides-et-conseils-musique\/duo-chanson-francaise-12-duos-marquants\/\"},\"author\":{\"name\":\"Julien Sauvageot\",\"@id\":\"https:\/\/telemusic.fr\/blog\/#\/schema\/person\/1f17c270991aadc004c4cdbee4a1dfdf\"},\"headline\":\"Duo chanson fran\u00e7aise : 12 duos qui ont marqu\u00e9 le r\u00e9pertoire\",\"datePublished\":\"2026-08-30T05:48:00+00:00\",\"mainEntityOfPage\":{\"@id\":\"https:\/\/telemusic.fr\/blog\/guides-et-conseils-musique\/duo-chanson-francaise-12-duos-marquants\/\"},\"wordCount\":1433,\"commentCount\":0,\"publisher\":{\"@id\":\"https:\/\/telemusic.fr\/blog\/#organization\"},\"image\":{\"@id\":\"https:\/\/telemusic.fr\/blog\/guides-et-conseils-musique\/duo-chanson-francaise-12-duos-marquants\/#primaryimage\"},\"thumbnailUrl\":\"https:\/\/telemusic.fr\/blog\/wp-content\/uploads\/2026\/08\/pexels-photo-20173207.jpeg\",\"articleSection\":[\"Guides et Conseils Musique\"],\"inLanguage\":\"fr-FR\",\"potentialAction\":[{\"@type\":\"CommentAction\",\"name\":\"Comment\",\"target\":[\"https:\/\/telemusic.fr\/blog\/guides-et-conseils-musique\/duo-chanson-francaise-12-duos-marquants\/#respond\"]}]},{\"@type\":\"WebPage\",\"@id\":\"https:\/\/telemusic.fr\/blog\/guides-et-conseils-musique\/duo-chanson-francaise-12-duos-marquants\/\",\"url\":\"https:\/\/telemusic.fr\/blog\/guides-et-conseils-musique\/duo-chanson-francaise-12-duos-marquants\/\",\"name\":\"Duo chanson fran\u00e7aise : 12 duos qui ont marqu\u00e9\",\"isPartOf\":{\"@id\":\"https:\/\/telemusic.fr\/blog\/#website\"},\"primaryImageOfPage\":{\"@id\":\"https:\/\/telemusic.fr\/blog\/guides-et-conseils-musique\/duo-chanson-francaise-12-duos-marquants\/#primaryimage\"},\"image\":{\"@id\":\"https:\/\/telemusic.fr\/blog\/guides-et-conseils-musique\/duo-chanson-francaise-12-duos-marquants\/#primaryimage\"},\"thumbnailUrl\":\"https:\/\/telemusic.fr\/blog\/wp-content\/uploads\/2026\/08\/pexels-photo-20173207.jpeg\",\"datePublished\":\"2026-08-30T05:48:00+00:00\",\"description\":\"Les 12 duos qui ont marqu\u00e9 la chanson fran\u00e7aise, de Gainsbourg-Birkin en 1969 \u00e0 Vitaa et Slimane, avec dates, chiffres et r\u00e9compenses v\u00e9rifi\u00e9s.\",\"inLanguage\":\"fr-FR\",\"potentialAction\":[{\"@type\":\"ReadAction\",\"target\":[\"https:\/\/telemusic.fr\/blog\/guides-et-conseils-musique\/duo-chanson-francaise-12-duos-marquants\/\"]}]},{\"@type\":\"ImageObject\",\"inLanguage\":\"fr-FR\",\"@id\":\"https:\/\/telemusic.fr\/blog\/guides-et-conseils-musique\/duo-chanson-francaise-12-duos-marquants\/#primaryimage\",\"url\":\"https:\/\/telemusic.fr\/blog\/wp-content\/uploads\/2026\/08\/pexels-photo-20173207.jpeg\",\"contentUrl\":\"https:\/\/telemusic.fr\/blog\/wp-content\/uploads\/2026\/08\/pexels-photo-20173207.jpeg\",\"width\":1200,\"height\":798,\"caption\":\"Duo homme-femme interpr\u00e9tant une chanson au micro sur une sc\u00e8ne en int\u00e9rieur\"},{\"@type\":\"WebSite\",\"@id\":\"https:\/\/telemusic.fr\/blog\/#website\",\"url\":\"https:\/\/telemusic.fr\/blog\/\",\"name\":\"telemusic.fr\",\"description\":\"La symphonie des m\u00e9dias.\",\"publisher\":{\"@id\":\"https:\/\/telemusic.fr\/blog\/#organization\"},\"alternateName\":\"La symphonie des m\u00e9dias.\",\"potentialAction\":[{\"@type\":\"SearchAction\",\"target\":{\"@type\":\"EntryPoint\",\"urlTemplate\":\"https:\/\/telemusic.fr\/blog\/?s={search_term_string}\"},\"query-input\":{\"@type\":\"PropertyValueSpecification\",\"valueRequired\":true,\"valueName\":\"search_term_string\"}}],\"inLanguage\":\"fr-FR\"},{\"@type\":\"Organization\",\"@id\":\"https:\/\/telemusic.fr\/blog\/#organization\",\"name\":\"Foretsensations.fr\",\"url\":\"https:\/\/telemusic.fr\/blog\/\",\"logo\":{\"@type\":\"ImageObject\",\"inLanguage\":\"fr-FR\",\"@id\":\"https:\/\/telemusic.fr\/blog\/#\/schema\/logo\/image\/\",\"url\":\"https:\/\/telemusic.fr\/blog\/wp-content\/uploads\/2024\/12\/39.png\",\"contentUrl\":\"https:\/\/telemusic.fr\/blog\/wp-content\/uploads\/2024\/12\/39.png\",\"width\":500,\"height\":500,\"caption\":\"Foretsensations.fr\"},\"image\":{\"@id\":\"https:\/\/telemusic.fr\/blog\/#\/schema\/logo\/image\/\"}},{\"@type\":\"Person\",\"@id\":\"https:\/\/telemusic.fr\/blog\/#\/schema\/person\/1f17c270991aadc004c4cdbee4a1dfdf\",\"name\":\"Julien Sauvageot\",\"image\":{\"@type\":\"ImageObject\",\"inLanguage\":\"fr-FR\",\"@id\":\"https:\/\/telemusic.fr\/blog\/#\/schema\/person\/image\/\",\"url\":\"https:\/\/secure.gravatar.com\/avatar\/?s=96&d=mm&r=g\",\"contentUrl\":\"https:\/\/secure.gravatar.com\/avatar\/?s=96&d=mm&r=g\",\"caption\":\"Julien Sauvageot\"},\"description\":\"Producteur musical et ing\u00e9nieur du son, Julien partage des analyses sur les tendances musicales, les techniques de production, et des s\u00e9lections de musiques adapt\u00e9es aux projets audiovisuels.\",\"sameAs\":[\"https:\/\/juliensauvageot.fr\/\"],\"url\":\"https:\/\/telemusic.fr\/blog\/auteur\/julien-martin\/\"}]}<\/script>\n<!-- \/ Yoast SEO Premium plugin. -->","yoast_head_json":{"title":"Duo chanson fran\u00e7aise : 12 duos qui ont marqu\u00e9","description":"Les 12 duos qui ont marqu\u00e9 la chanson fran\u00e7aise, de Gainsbourg-Birkin en 1969 \u00e0 Vitaa et Slimane, avec dates, chiffres et r\u00e9compenses v\u00e9rifi\u00e9s.","robots":{"index":"index","follow":"follow","max-snippet":"max-snippet:-1","max-image-preview":"max-image-preview:large","max-video-preview":"max-video-preview:-1"},"canonical":"https:\/\/telemusic.fr\/blog\/guides-et-conseils-musique\/duo-chanson-francaise-12-duos-marquants\/","og_locale":"fr_FR","og_type":"article","og_title":"Duo chanson fran\u00e7aise : 12 duos qui ont marqu\u00e9","og_description":"Les 12 duos qui ont marqu\u00e9 la chanson fran\u00e7aise, de Gainsbourg-Birkin en 1969 \u00e0 Vitaa et Slimane, avec dates, chiffres et r\u00e9compenses v\u00e9rifi\u00e9s.","og_url":"https:\/\/telemusic.fr\/blog\/guides-et-conseils-musique\/duo-chanson-francaise-12-duos-marquants\/","og_site_name":"telemusic.","og_image":[{"url":"https:\/\/telemusic.fr\/blog\/wp-content\/uploads\/2026\/08\/pexels-photo-20173207.jpeg","type":"","width":"","height":""}],"author":"Julien Sauvageot","twitter_card":"summary_large_image","twitter_image":"https:\/\/telemusic.fr\/blog\/wp-content\/uploads\/2026\/08\/pexels-photo-20173207.jpeg","schema":{"@context":"https:\/\/schema.org","@graph":[{"@type":"NewsArticle","@id":"https:\/\/telemusic.fr\/blog\/guides-et-conseils-musique\/duo-chanson-francaise-12-duos-marquants\/#article","isPartOf":{"@id":"https:\/\/telemusic.fr\/blog\/guides-et-conseils-musique\/duo-chanson-francaise-12-duos-marquants\/"},"author":{"name":"Julien Sauvageot","@id":"https:\/\/telemusic.fr\/blog\/#\/schema\/person\/1f17c270991aadc004c4cdbee4a1dfdf"},"headline":"Duo chanson fran\u00e7aise : 12 duos qui ont marqu\u00e9 le r\u00e9pertoire","datePublished":"2026-08-30T05:48:00+00:00","mainEntityOfPage":{"@id":"https:\/\/telemusic.fr\/blog\/guides-et-conseils-musique\/duo-chanson-francaise-12-duos-marquants\/"},"wordCount":1433,"commentCount":0,"publisher":{"@id":"https:\/\/telemusic.fr\/blog\/#organization"},"image":{"@id":"https:\/\/telemusic.fr\/blog\/guides-et-conseils-musique\/duo-chanson-francaise-12-duos-marquants\/#primaryimage"},"thumbnailUrl":"https:\/\/telemusic.fr\/blog\/wp-content\/uploads\/2026\/08\/pexels-photo-20173207.jpeg","articleSection":["Guides et Conseils Musique"],"inLanguage":"fr-FR","potentialAction":[{"@type":"CommentAction","name":"Comment","target":["https:\/\/telemusic.fr\/blog\/guides-et-conseils-musique\/duo-chanson-francaise-12-duos-marquants\/#respond"]}]},{"@type":"WebPage","@id":"https:\/\/telemusic.fr\/blog\/guides-et-conseils-musique\/duo-chanson-francaise-12-duos-marquants\/","url":"https:\/\/telemusic.fr\/blog\/guides-et-conseils-musique\/duo-chanson-francaise-12-duos-marquants\/","name":"Duo chanson fran\u00e7aise : 12 duos qui ont marqu\u00e9","isPartOf":{"@id":"https:\/\/telemusic.fr\/blog\/#website"},"primaryImageOfPage":{"@id":"https:\/\/telemusic.fr\/blog\/guides-et-conseils-musique\/duo-chanson-francaise-12-duos-marquants\/#primaryimage"},"image":{"@id":"https:\/\/telemusic.fr\/blog\/guides-et-conseils-musique\/duo-chanson-francaise-12-duos-marquants\/#primaryimage"},"thumbnailUrl":"https:\/\/telemusic.fr\/blog\/wp-content\/uploads\/2026\/08\/pexels-photo-20173207.jpeg","datePublished":"2026-08-30T05:48:00+00:00","description":"Les 12 duos qui ont marqu\u00e9 la chanson fran\u00e7aise, de Gainsbourg-Birkin en 1969 \u00e0 Vitaa et Slimane, avec dates, chiffres et r\u00e9compenses v\u00e9rifi\u00e9s.","inLanguage":"fr-FR","potentialAction":[{"@type":"ReadAction","target":["https:\/\/telemusic.fr\/blog\/guides-et-conseils-musique\/duo-chanson-francaise-12-duos-marquants\/"]}]},{"@type":"ImageObject","inLanguage":"fr-FR","@id":"https:\/\/telemusic.fr\/blog\/guides-et-conseils-musique\/duo-chanson-francaise-12-duos-marquants\/#primaryimage","url":"https:\/\/telemusic.fr\/blog\/wp-content\/uploads\/2026\/08\/pexels-photo-20173207.jpeg","contentUrl":"https:\/\/telemusic.fr\/blog\/wp-content\/uploads\/2026\/08\/pexels-photo-20173207.jpeg","width":1200,"height":798,"caption":"Duo homme-femme interpr\u00e9tant une chanson au micro sur une sc\u00e8ne en int\u00e9rieur"},{"@type":"WebSite","@id":"https:\/\/telemusic.fr\/blog\/#website","url":"https:\/\/telemusic.fr\/blog\/","name":"telemusic.fr","description":"La symphonie des m\u00e9dias.","publisher":{"@id":"https:\/\/telemusic.fr\/blog\/#organization"},"alternateName":"La symphonie des m\u00e9dias.","potentialAction":[{"@type":"SearchAction","target":{"@type":"EntryPoint","urlTemplate":"https:\/\/telemusic.fr\/blog\/?s={search_term_string}"},"query-input":{"@type":"PropertyValueSpecification","valueRequired":true,"valueName":"search_term_string"}}],"inLanguage":"fr-FR"},{"@type":"Organization","@id":"https:\/\/telemusic.fr\/blog\/#organization","name":"Foretsensations.fr","url":"https:\/\/telemusic.fr\/blog\/","logo":{"@type":"ImageObject","inLanguage":"fr-FR","@id":"https:\/\/telemusic.fr\/blog\/#\/schema\/logo\/image\/","url":"https:\/\/telemusic.fr\/blog\/wp-content\/uploads\/2024\/12\/39.png","contentUrl":"https:\/\/telemusic.fr\/blog\/wp-content\/uploads\/2024\/12\/39.png","width":500,"height":500,"caption":"Foretsensations.fr"},"image":{"@id":"https:\/\/telemusic.fr\/blog\/#\/schema\/logo\/image\/"}},{"@type":"Person","@id":"https:\/\/telemusic.fr\/blog\/#\/schema\/person\/1f17c270991aadc004c4cdbee4a1dfdf","name":"Julien Sauvageot","image":{"@type":"ImageObject","inLanguage":"fr-FR","@id":"https:\/\/telemusic.fr\/blog\/#\/schema\/person\/image\/","url":"https:\/\/secure.gravatar.com\/avatar\/?s=96&d=mm&r=g","contentUrl":"https:\/\/secure.gravatar.com\/avatar\/?s=96&d=mm&r=g","caption":"Julien Sauvageot"},"description":"Producteur musical et ing\u00e9nieur du son, Julien partage des analyses sur les tendances musicales, les techniques de production, et des s\u00e9lections de musiques adapt\u00e9es aux projets audiovisuels.","sameAs":["https:\/\/juliensauvageot.fr\/"],"url":"https:\/\/telemusic.fr\/blog\/auteur\/julien-martin\/"}]}},"_links":{"self":[{"href":"https:\/\/telemusic.fr\/blog\/wp-json\/wp\/v2\/posts\/8155","targetHints":{"allow":["GET"]}}],"collection":[{"href":"https:\/\/telemusic.fr\/blog\/wp-json\/wp\/v2\/posts"}],"about":[{"href":"https:\/\/telemusic.fr\/blog\/wp-json\/wp\/v2\/types\/post"}],"author":[{"embeddable":true,"href":"https:\/\/telemusic.fr\/blog\/wp-json\/wp\/v2\/users\/39"}],"replies":[{"embeddable":true,"href":"https:\/\/telemusic.fr\/blog\/wp-json\/wp\/v2\/comments?post=8155"}],"version-history":[{"count":1,"href":"https:\/\/telemusic.fr\/blog\/wp-json\/wp\/v2\/posts\/8155\/revisions"}],"predecessor-version":[{"id":8160,"href":"https:\/\/telemusic.fr\/blog\/wp-json\/wp\/v2\/posts\/8155\/revisions\/8160"}],"wp:featuredmedia":[{"embeddable":true,"href":"https:\/\/telemusic.fr\/blog\/wp-json\/wp\/v2\/media\/8156"}],"wp:attachment":[{"href":"https:\/\/telemusic.fr\/blog\/wp-json\/wp\/v2\/media?parent=8155"}],"wp:term":[{"taxonomy":"category","embeddable":true,"href":"https:\/\/telemusic.fr\/blog\/wp-json\/wp\/v2\/categories?post=8155"},{"taxonomy":"post_tag","embeddable":true,"href":"https:\/\/telemusic.fr\/blog\/wp-json\/wp\/v2\/tags?post=8155"}],"curies":[{"name":"wp","href":"https:\/\/api.w.org\/{rel}","templated":true}]}}