{"id":8162,"date":"2026-09-04T10:19:46","date_gmt":"2026-09-04T08:19:46","guid":{"rendered":"https:\/\/telemusic.fr\/blog\/actualites-musicales\/plk-au-stade-de-france-ce-soir-et-demain-deux-premieres-historiques-pour-le-rappeur-parisien\/"},"modified":"2026-09-04T10:19:46","modified_gmt":"2026-09-04T08:19:46","slug":"plk-au-stade-de-france-ce-soir-et-demain-deux-premieres-historiques-pour-le-rappeur-parisien","status":"publish","type":"post","link":"https:\/\/telemusic.fr\/blog\/actualites-musicales\/plk-au-stade-de-france-ce-soir-et-demain-deux-premieres-historiques-pour-le-rappeur-parisien\/","title":{"rendered":"PLK au Stade de France ce soir et demain : deux premi\u00e8res historiques pour le rappeur parisien"},"content":{"rendered":"<p style=\"font-size:18px;line-height:1.65;color:#1a1a1a;\"><strong>PLK monte sur la sc\u00e8ne du Stade de France ce vendredi 4 septembre \u00e0 20 h, avant une seconde soir\u00e9e samedi 5<\/strong> : c&rsquo;est la toute premi\u00e8re fois que le rappeur parisien investit l&rsquo;enceinte de Saint-Denis, la plus grande salle du pays. Deux dates pour clore en apoth\u00e9ose l&rsquo;ann\u00e9e de \u00ab Grand Gar\u00e7on \u00bb, son album sorti en mars \u2014 et un pop-up store \u00e9ph\u00e9m\u00e8re ouvert en plein Paris jusqu&rsquo;\u00e0 samedi pour faire patienter les fans.<\/p>\n<figure style=\"margin:24px auto;max-width:560px;\">\n<div style=\"position:relative;padding-bottom:56.25%;height:0;max-width:560px;margin:0 auto;\"><iframe src=\"https:\/\/www.youtube-nocookie.com\/embed\/kQSNck-9cJE\" style=\"position:absolute;top:0;left:0;width:100%;height:100%;border:none;border-radius:12px;\" loading=\"lazy\" title=\"PLK - Dis Moi Oui (Clip Officiel)\" allowfullscreen><\/iframe><\/div><figcaption style=\"text-align:center;font-size:13px;color:#666;margin-top:8px;\">\u00ab PLK &#8211; Dis Moi Oui (Clip Officiel) \u00bb \u2014 PLK TV (23,1 M de vues sur YouTube au 04\/09\/2026)<\/figcaption><\/figure>\n<div style=\"background:#FBEAF2;border:1px solid #B11E6A33;border-radius:14px;padding:20px 24px;margin:26px 0;font-family:-apple-system,BlinkMacSystemFont,'Segoe UI',Roboto,sans-serif;\">\n<div style=\"font-size:12px;font-weight:800;letter-spacing:.14em;text-transform:uppercase;color:#B11E6A;margin-bottom:12px;\">\u26a1 En bref<\/div>\n<ul style=\"margin:0;padding:0;list-style:none;font-size:15.5px;color:#1a1a1a;\">\n<li style=\"margin:0 0 8px;padding-left:24px;position:relative;line-height:1.5;\"><span style=\"position:absolute;left:0;color:#B11E6A;font-weight:800;\">\u25b8<\/span>Deux concerts au <strong>Stade de France<\/strong> : vendredi 4 et samedi 5 septembre 2026, coup d&rsquo;envoi \u00e0 <strong>20 h<\/strong> chaque soir.<\/li>\n<li style=\"margin:0 0 8px;padding-left:24px;position:relative;line-height:1.5;\"><span style=\"position:absolute;left:0;color:#B11E6A;font-weight:800;\">\u25b8<\/span>C&rsquo;est la <strong>premi\u00e8re fois<\/strong> que PLK, 29 ans, se produit dans l&rsquo;enceinte de Saint-Denis.<\/li>\n<li style=\"margin:0 0 8px;padding-left:24px;position:relative;line-height:1.5;\"><span style=\"position:absolute;left:0;color:#B11E6A;font-weight:800;\">\u25b8<\/span>Un <strong>pop-up store<\/strong> accompagne l&rsquo;\u00e9v\u00e9nement au 119 rue Saint-Martin (Paris 4e), du 2 au 6 septembre, de 10 h \u00e0 20 h : maillots, t-shirts, casquettes et vinyles.<\/li>\n<li style=\"margin:0 0 8px;padding-left:24px;position:relative;line-height:1.5;\"><span style=\"position:absolute;left:0;color:#B11E6A;font-weight:800;\">\u25b8<\/span>Des <strong>invit\u00e9s surprises<\/strong> sont annonc\u00e9s sur sc\u00e8ne, sans que la liste ait \u00e9t\u00e9 d\u00e9voil\u00e9e \u00e0 l&rsquo;avance.<\/li>\n<\/ul>\n<\/div>\n<div style=\"display:flex;flex-wrap:wrap;gap:12px;margin:24px 0;\">\n<div style=\"flex:1;min-width:120px;background:#fff;border:1px solid #e6e8ee;border-top:3px solid #B11E6A;border-radius:12px;padding:16px 18px;text-align:center;\">\n<div style=\"font-size:26px;font-weight:800;color:#B11E6A;line-height:1.1;letter-spacing:-.01em;\">2 soirs<\/div>\n<div style=\"font-size:12.5px;color:#667085;margin-top:6px;line-height:1.3;\">au Stade de France, les 4 et 5 septembre<\/div>\n<\/div>\n<div style=\"flex:1;min-width:120px;background:#fff;border:1px solid #e6e8ee;border-top:3px solid #B11E6A;border-radius:12px;padding:16px 18px;text-align:center;\">\n<div style=\"font-size:26px;font-weight:800;color:#B11E6A;line-height:1.1;letter-spacing:-.01em;\">20 h<\/div>\n<div style=\"font-size:12.5px;color:#667085;margin-top:6px;line-height:1.3;\">coup d&rsquo;envoi des deux concerts<\/div>\n<\/div>\n<div style=\"flex:1;min-width:120px;background:#fff;border:1px solid #e6e8ee;border-top:3px solid #B11E6A;border-radius:12px;padding:16px 18px;text-align:center;\">\n<div style=\"font-size:26px;font-weight:800;color:#B11E6A;line-height:1.1;letter-spacing:-.01em;\">17 titres<\/div>\n<div style=\"font-size:12.5px;color:#667085;margin-top:6px;line-height:1.3;\">sur \u00ab Grand Gar\u00e7on \u00bb, l&rsquo;album sorti en mars 2026<\/div>\n<\/div>\n<div style=\"flex:1;min-width:120px;background:#fff;border:1px solid #e6e8ee;border-top:3px solid #B11E6A;border-radius:12px;padding:16px 18px;text-align:center;\">\n<div style=\"font-size:26px;font-weight:800;color:#B11E6A;line-height:1.1;letter-spacing:-.01em;\">5 jours<\/div>\n<div style=\"font-size:12.5px;color:#667085;margin-top:6px;line-height:1.3;\">de pop-up store rue Saint-Martin, du 2 au 6 septembre<\/div>\n<\/div>\n<\/div>\n<h2 style=\"font-size:24px;line-height:1.25;margin:36px 0 14px;letter-spacing:-.01em;color:#1a1a1a;font-weight:800;\">De Polak au Stade de France : le chemin d&rsquo;un discret<\/h2>\n<p style=\"font-size:16.5px;line-height:1.7;color:#2a2a2a;margin:0 0 16px;\">Derri\u00e8re les trois lettres, il y a <strong>Mathieu Pruski<\/strong>, n\u00e9 le 15 avril 1997 \u00e0 Paris, d&rsquo;un p\u00e8re d&rsquo;origine polonaise \u2014 d&rsquo;o\u00f9 le blaze \u00ab Polak \u00bb, raccourci en PLK \u2014 et d&rsquo;une m\u00e8re corse. R\u00e9v\u00e9l\u00e9 par le collectif Panama Bende puis lanc\u00e9 en solo \u00e0 la fin des ann\u00e9es 2010, il s&rsquo;est construit une carri\u00e8re r\u00e9guli\u00e8re, sans scandale ni buzz artificiel, \u00e0 coups de disques certifi\u00e9s et de tourn\u00e9es compl\u00e8tes.<\/p>\n<p style=\"font-size:16.5px;line-height:1.7;color:#2a2a2a;margin:0 0 16px;\">Les connaisseurs appr\u00e9cieront le symbole : le rap fran\u00e7ais remplit d\u00e9sormais l&rsquo;enceinte de Saint-Denis avec des artistes qui n&rsquo;ont quasiment jamais fait la une des journaux t\u00e9l\u00e9vis\u00e9s. PLK rejoint le cercle tr\u00e8s ferm\u00e9 des rappeurs fran\u00e7ais \u00e0 avoir investi le Stade de France, o\u00f9 <a href=\"https:\/\/www.stadefrance.com\/en\/le-stade\/plk-stade-de-france\" rel=\"nofollow\">l&rsquo;affiche officielle<\/a> le programme deux soirs de suite \u2014 un pari d&rsquo;autant plus audacieux qu&rsquo;il s&rsquo;agit de sa premi\u00e8re fois dans le stade.<\/p>\n<blockquote style=\"margin:28px 0;padding:20px 26px;border-left:4px solid #B11E6A;background:#FBEAF2;border-radius:0 12px 12px 0;font-size:19px;line-height:1.5;font-style:italic;color:#1a1a1a;\"><p>\u00ab Ces vendredi 4 et samedi 5 septembre 2026, PLK investit pour la toute premi\u00e8re fois le Stade de France. \u00bb<\/p>\n<div style=\"font-size:13px;color:#667085;margin-top:10px;font-style:normal;\">\u2014 Sortiraparis, septembre 2026<\/div>\n<\/blockquote>\n<h2 style=\"font-size:24px;line-height:1.25;margin:36px 0 14px;letter-spacing:-.01em;color:#1a1a1a;font-weight:800;\">Ce qui attend le public ces deux soirs<\/h2>\n<p style=\"font-size:16.5px;line-height:1.7;color:#2a2a2a;margin:0 0 16px;\">Le show s&rsquo;articulera autour de <strong>\u00ab Grand Gar\u00e7on \u00bb<\/strong>, troisi\u00e8me album majeur du Parisien sorti en mars 2026 : 17 titres, dont \u00ab Bleu &#038; rouge \u00bb, \u00ab Pas comme eux \u00bb et \u00ab Sex Model \u00bb en duo avec Theodora, qui devraient constituer l&rsquo;ossature de la setlist, aux c\u00f4t\u00e9s des classiques de son r\u00e9pertoire.<\/p>\n<p style=\"font-size:16.5px;line-height:1.7;color:#2a2a2a;margin:0 0 16px;\">Le rappeur a promis des <strong>invit\u00e9s sur sc\u00e8ne<\/strong> sans en d\u00e9voiler la liste \u2014 le petit jeu des pronostics agite les r\u00e9seaux depuis des semaines. Selon <a href=\"https:\/\/www.sortiraparis.com\/scenes\/concert-musique\/articles\/351617-plk-le-rappeur-ouvre-un-pop-up-store-a-paris-pour-accompagner-ses-deux-concerts-au-stade-de-france\" rel=\"nofollow\">Sortiraparis<\/a>, un pop-up store \u00e9ph\u00e9m\u00e8re accompagne l&rsquo;\u00e9v\u00e9nement au <strong>119 rue Saint-Martin<\/strong>, dans le 4e arrondissement, jusqu&rsquo;au dimanche 6 septembre : maillots, t-shirts, casquettes et vinyles y sont vendus de <strong>10 h<\/strong> \u00e0 <strong>20 h<\/strong>.<\/p>\n<h2 style=\"font-size:24px;line-height:1.25;margin:36px 0 14px;letter-spacing:-.01em;color:#1a1a1a;font-weight:800;\">Et moi, concr\u00e8tement : j&rsquo;ai ma place, comment m&rsquo;organiser ?<\/h2>\n<p style=\"font-size:16.5px;line-height:1.7;color:#2a2a2a;margin:0 0 16px;\">Un concert au Stade de France, ce sont des dizaines de milliers de personnes qui convergent vers Saint-Denis en quelques heures. Les r\u00e9flexes qui sauvent la soir\u00e9e :<\/p>\n<ul style=\"margin:6px 0 18px;padding:0;list-style:none;font-size:16px;\">\n<li style=\"margin:0 0 8px;padding-left:26px;position:relative;line-height:1.55;color:#2a2a2a;\"><span style=\"position:absolute;left:0;top:1px;color:#B11E6A;font-weight:800;\">\u2713<\/span><strong>Transports en commun obligatoires ou presque<\/strong> : RER B (La Plaine \u2013 Stade de France), RER D (Stade de France \u2013 Saint-Denis) et ligne 13 desservent l&rsquo;enceinte ; la voiture est \u00e0 proscrire les soirs de concert.<\/li>\n<li style=\"margin:0 0 8px;padding-left:26px;position:relative;line-height:1.55;color:#2a2a2a;\"><span style=\"position:absolute;left:0;top:1px;color:#B11E6A;font-weight:800;\">\u2713<\/span><strong>Arrivez en avance<\/strong> : les portes ouvrent plusieurs heures avant le show de 20 h, et les contr\u00f4les d&rsquo;acc\u00e8s prennent du temps sur une jauge pareille.<\/li>\n<li style=\"margin:0 0 8px;padding-left:26px;position:relative;line-height:1.55;color:#2a2a2a;\"><span style=\"position:absolute;left:0;top:1px;color:#B11E6A;font-weight:800;\">\u2713<\/span><strong>Billets uniquement via les canaux officiels<\/strong> : \u00e0 l&rsquo;approche d&rsquo;un \u00e9v\u00e9nement de cette ampleur, les arnaques \u00e0 la revente explosent syst\u00e9matiquement sur les r\u00e9seaux sociaux.<\/li>\n<li style=\"margin:0 0 8px;padding-left:26px;position:relative;line-height:1.55;color:#2a2a2a;\"><span style=\"position:absolute;left:0;top:1px;color:#B11E6A;font-weight:800;\">\u2713<\/span><strong>Anticipez le retour<\/strong> : les RER sont renforc\u00e9s mais satur\u00e9s \u00e0 la sortie ; mieux vaut avoir rep\u00e9r\u00e9 son itin\u00e9raire avant d&rsquo;entrer.<\/li>\n<\/ul>\n<h2 style=\"font-size:24px;line-height:1.25;margin:36px 0 14px;letter-spacing:-.01em;color:#1a1a1a;font-weight:800;\">Une rentr\u00e9e des concerts \u00e0 deux vitesses<\/h2>\n<p style=\"font-size:16.5px;line-height:1.7;color:#2a2a2a;margin:0 0 16px;\">Ces deux soir\u00e9es lancent une rentr\u00e9e musicale charg\u00e9e \u00e0 Saint-Denis, o\u00f9 Jay-Z est attendu le 10 septembre pour son concert \u00ab JA\u0178-Z 30 \u00bb, puis BIGBANG le 19. Un contraste saisissant avec d&rsquo;autres pans de la sc\u00e8ne fran\u00e7aise : au m\u00eame moment, <a href=\"https:\/\/starstory.fr\/blog\/musique-et-icones-musicales\/patrick-bruel-annule-sa-tournee-dautomne-les-conditions-ne-sont-plus-reunies\/\">Patrick Bruel a annul\u00e9 sa tourn\u00e9e d&rsquo;automne<\/a>, rappelant que remplir des salles n&rsquo;a jamais \u00e9t\u00e9 aussi in\u00e9gal selon les g\u00e9n\u00e9rations d&rsquo;artistes.<\/p>\n<p style=\"font-size:16.5px;line-height:1.7;color:#2a2a2a;margin:0 0 16px;\">Pour PLK, l&rsquo;enjeu d\u00e9passe le prestige : r\u00e9ussir deux Stades de France cons\u00e9cutifs, c&rsquo;est s&rsquo;installer durablement dans la cat\u00e9gorie des tr\u00e8s rares artistes fran\u00e7ais capables de porter seuls un \u00e9v\u00e9nement de cette ampleur.<\/p>\n<div style=\"background:#1a1a1a;border-radius:14px;padding:22px 26px;margin:30px 0 8px;font-family:-apple-system,BlinkMacSystemFont,'Segoe UI',Roboto,sans-serif;\">\n<div style=\"font-size:12px;font-weight:800;letter-spacing:.16em;text-transform:uppercase;color:#B11E6A;margin-bottom:8px;\">\ud83c\udfaf \u00c0 retenir<\/div>\n<div style=\"font-size:17px;line-height:1.6;color:#f0f0f0;\">PLK joue ce soir et demain ses deux premiers Stades de France, port\u00e9s par l&rsquo;album \u00ab Grand Gar\u00e7on \u00bb et des invit\u00e9s tenus secrets. Pop-up store rue Saint-Martin jusqu&rsquo;\u00e0 samedi, transports en commun fortement conseill\u00e9s \u2014 et prudence absolue avec la revente de derni\u00e8re minute.<\/div>\n<\/div>\n<h2 style=\"margin-top:34px;\">Questions fr\u00e9quentes<\/h2>\n<details style=\"border:1px solid #e6e8ee;border-left:4px solid #B11E6A;border-radius:10px;padding:12px 16px;margin:10px 0;\">\n<summary style=\"font-weight:700;cursor:pointer;\">\u00c0 quelle heure commencent les concerts de PLK au Stade de France ?<\/summary>\n<p style=\"margin:10px 0 0;line-height:1.6;\">Les deux concerts, vendredi 4 et samedi 5 septembre 2026, d\u00e9butent \u00e0 20 h. Les portes ouvrent plusieurs heures avant et les transports en commun (RER B, RER D, ligne 13) sont fortement conseill\u00e9s.<\/p>\n<\/details>\n<details style=\"border:1px solid #e6e8ee;border-left:4px solid #B11E6A;border-radius:10px;padding:12px 16px;margin:10px 0;\">\n<summary style=\"font-weight:700;cursor:pointer;\">O\u00f9 se trouve le pop-up store de PLK \u00e0 Paris ?<\/summary>\n<p style=\"margin:10px 0 0;line-height:1.6;\">Au 119 rue Saint-Martin, dans le 4e arrondissement de Paris, du 2 au 6 septembre 2026, de 10 h \u00e0 20 h. On y trouve maillots, t-shirts, casquettes et vinyles.<\/p>\n<\/details>\n<details style=\"border:1px solid #e6e8ee;border-left:4px solid #B11E6A;border-radius:10px;padding:12px 16px;margin:10px 0;\">\n<summary style=\"font-weight:700;cursor:pointer;\">Quel album PLK d\u00e9fend-il au Stade de France ?<\/summary>\n<p style=\"margin:10px 0 0;line-height:1.6;\">\u00ab Grand Gar\u00e7on \u00bb, sorti en mars 2026 : 17 titres dont \u00ab Bleu &#038; rouge \u00bb, \u00ab Pas comme eux \u00bb et \u00ab Sex Model \u00bb en duo avec Theodora.<\/p>\n<\/details>\n<p><script type=\"application\/ld+json\">{\"@context\": \"https:\/\/schema.org\", \"@type\": \"FAQPage\", \"mainEntity\": [{\"@type\": \"Question\", \"name\": \"\u00c0 quelle heure commencent les concerts de PLK au Stade de France ?\", \"acceptedAnswer\": {\"@type\": \"Answer\", \"text\": \"Les deux concerts, vendredi 4 et samedi 5 septembre 2026, d\u00e9butent \u00e0 20 h. Les portes ouvrent plusieurs heures avant et les transports en commun (RER B, RER D, ligne 13) sont fortement conseill\u00e9s.\"}}, {\"@type\": \"Question\", \"name\": \"O\u00f9 se trouve le pop-up store de PLK \u00e0 Paris ?\", \"acceptedAnswer\": {\"@type\": \"Answer\", \"text\": \"Au 119 rue Saint-Martin, dans le 4e arrondissement de Paris, du 2 au 6 septembre 2026, de 10 h \u00e0 20 h. On y trouve maillots, t-shirts, casquettes et vinyles.\"}}, {\"@type\": \"Question\", \"name\": \"Quel album PLK d\u00e9fend-il au Stade de France ?\", \"acceptedAnswer\": {\"@type\": \"Answer\", \"text\": \"\u00ab Grand Gar\u00e7on \u00bb, sorti en mars 2026 : 17 titres dont \u00ab Bleu & rouge \u00bb, \u00ab Pas comme eux \u00bb et \u00ab Sex Model \u00bb en duo avec Theodora.\"}}]}<\/script><\/p>\n","protected":false},"excerpt":{"rendered":"","protected":false},"author":41,"featured_media":8163,"comment_status":"open","ping_status":"open","sticky":false,"template":"","format":"standard","meta":{"_acf_changed":false,"manual_indexmenow":false,"indexmenow_id_project":0,"footnotes":""},"categories":[4522],"tags":[],"class_list":["post-8162","post","type-post","status-publish","format-standard","has-post-thumbnail","hentry","category-actualites-musicales","generate-columns","tablet-grid-50","mobile-grid-100","grid-parent","grid-25"],"acf":[],"yoast_head":"<!-- This site is optimized with the Yoast SEO Premium plugin v21.3 (Yoast SEO v25.4) - https:\/\/yoast.com\/wordpress\/plugins\/seo\/ -->\n<title>PLK au Stade de France : deux concerts les 4 et 5 septembre<\/title>\n<meta name=\"description\" content=\"PLK investit le Stade de France pour la premi\u00e8re fois, les 4 et 5 septembre \u00e0 20 h : album Grand Gar\u00e7on, invit\u00e9s surprises, pop-up store et conseils transport.\" \/>\n<meta name=\"robots\" content=\"index, follow, max-snippet:-1, max-image-preview:large, max-video-preview:-1\" \/>\n<link rel=\"canonical\" href=\"https:\/\/telemusic.fr\/blog\/actualites-musicales\/plk-au-stade-de-france-ce-soir-et-demain-deux-premieres-historiques-pour-le-rappeur-parisien\/\" \/>\n<meta property=\"og:locale\" content=\"fr_FR\" \/>\n<meta property=\"og:type\" content=\"article\" \/>\n<meta property=\"og:title\" content=\"PLK au Stade de France : deux concerts les 4 et 5 septembre\" \/>\n<meta property=\"og:description\" content=\"PLK investit le Stade de France pour la premi\u00e8re fois, les 4 et 5 septembre \u00e0 20 h : album Grand Gar\u00e7on, invit\u00e9s surprises, pop-up store et conseils transport.\" \/>\n<meta property=\"og:url\" content=\"https:\/\/telemusic.fr\/blog\/actualites-musicales\/plk-au-stade-de-france-ce-soir-et-demain-deux-premieres-historiques-pour-le-rappeur-parisien\/\" \/>\n<meta property=\"og:site_name\" content=\"telemusic.\" \/>\n<meta name=\"author\" content=\"Claire Dupuis\" \/>\n<meta name=\"twitter:card\" content=\"summary_large_image\" \/>\n<script type=\"application\/ld+json\" class=\"yoast-schema-graph\">{\"@context\":\"https:\/\/schema.org\",\"@graph\":[{\"@type\":\"NewsArticle\",\"@id\":\"https:\/\/telemusic.fr\/blog\/actualites-musicales\/plk-au-stade-de-france-ce-soir-et-demain-deux-premieres-historiques-pour-le-rappeur-parisien\/#article\",\"isPartOf\":{\"@id\":\"https:\/\/telemusic.fr\/blog\/actualites-musicales\/plk-au-stade-de-france-ce-soir-et-demain-deux-premieres-historiques-pour-le-rappeur-parisien\/\"},\"author\":{\"name\":\"Claire Dupuis\",\"@id\":\"https:\/\/telemusic.fr\/blog\/#\/schema\/person\/ebdfc2389ecb15c2ebeb6defa81c3e9c\"},\"headline\":\"PLK au Stade de France ce soir et demain : deux premi\u00e8res historiques pour le rappeur parisien\",\"datePublished\":\"2026-09-04T08:19:46+00:00\",\"mainEntityOfPage\":{\"@id\":\"https:\/\/telemusic.fr\/blog\/actualites-musicales\/plk-au-stade-de-france-ce-soir-et-demain-deux-premieres-historiques-pour-le-rappeur-parisien\/\"},\"wordCount\":954,\"commentCount\":0,\"publisher\":{\"@id\":\"https:\/\/telemusic.fr\/blog\/#organization\"},\"image\":{\"@id\":\"https:\/\/telemusic.fr\/blog\/actualites-musicales\/plk-au-stade-de-france-ce-soir-et-demain-deux-premieres-historiques-pour-le-rappeur-parisien\/#primaryimage\"},\"thumbnailUrl\":\"https:\/\/telemusic.fr\/blog\/wp-content\/uploads\/2026\/09\/pf8162-scaled.jpg\",\"articleSection\":[\"Actualit\u00e9s Musicales\"],\"inLanguage\":\"fr-FR\",\"potentialAction\":[{\"@type\":\"CommentAction\",\"name\":\"Comment\",\"target\":[\"https:\/\/telemusic.fr\/blog\/actualites-musicales\/plk-au-stade-de-france-ce-soir-et-demain-deux-premieres-historiques-pour-le-rappeur-parisien\/#respond\"]}]},{\"@type\":\"WebPage\",\"@id\":\"https:\/\/telemusic.fr\/blog\/actualites-musicales\/plk-au-stade-de-france-ce-soir-et-demain-deux-premieres-historiques-pour-le-rappeur-parisien\/\",\"url\":\"https:\/\/telemusic.fr\/blog\/actualites-musicales\/plk-au-stade-de-france-ce-soir-et-demain-deux-premieres-historiques-pour-le-rappeur-parisien\/\",\"name\":\"PLK au Stade de France : deux concerts les 4 et 5 septembre\",\"isPartOf\":{\"@id\":\"https:\/\/telemusic.fr\/blog\/#website\"},\"primaryImageOfPage\":{\"@id\":\"https:\/\/telemusic.fr\/blog\/actualites-musicales\/plk-au-stade-de-france-ce-soir-et-demain-deux-premieres-historiques-pour-le-rappeur-parisien\/#primaryimage\"},\"image\":{\"@id\":\"https:\/\/telemusic.fr\/blog\/actualites-musicales\/plk-au-stade-de-france-ce-soir-et-demain-deux-premieres-historiques-pour-le-rappeur-parisien\/#primaryimage\"},\"thumbnailUrl\":\"https:\/\/telemusic.fr\/blog\/wp-content\/uploads\/2026\/09\/pf8162-scaled.jpg\",\"datePublished\":\"2026-09-04T08:19:46+00:00\",\"description\":\"PLK investit le Stade de France pour la premi\u00e8re fois, les 4 et 5 septembre \u00e0 20 h : album Grand Gar\u00e7on, invit\u00e9s surprises, pop-up store et conseils transport.\",\"inLanguage\":\"fr-FR\",\"potentialAction\":[{\"@type\":\"ReadAction\",\"target\":[\"https:\/\/telemusic.fr\/blog\/actualites-musicales\/plk-au-stade-de-france-ce-soir-et-demain-deux-premieres-historiques-pour-le-rappeur-parisien\/\"]}]},{\"@type\":\"ImageObject\",\"inLanguage\":\"fr-FR\",\"@id\":\"https:\/\/telemusic.fr\/blog\/actualites-musicales\/plk-au-stade-de-france-ce-soir-et-demain-deux-premieres-historiques-pour-le-rappeur-parisien\/#primaryimage\",\"url\":\"https:\/\/telemusic.fr\/blog\/wp-content\/uploads\/2026\/09\/pf8162-scaled.jpg\",\"contentUrl\":\"https:\/\/telemusic.fr\/blog\/wp-content\/uploads\/2026\/09\/pf8162-scaled.jpg\",\"width\":1200,\"height\":800},{\"@type\":\"WebSite\",\"@id\":\"https:\/\/telemusic.fr\/blog\/#website\",\"url\":\"https:\/\/telemusic.fr\/blog\/\",\"name\":\"telemusic.fr\",\"description\":\"La symphonie des m\u00e9dias.\",\"publisher\":{\"@id\":\"https:\/\/telemusic.fr\/blog\/#organization\"},\"alternateName\":\"La symphonie des m\u00e9dias.\",\"potentialAction\":[{\"@type\":\"SearchAction\",\"target\":{\"@type\":\"EntryPoint\",\"urlTemplate\":\"https:\/\/telemusic.fr\/blog\/?s={search_term_string}\"},\"query-input\":{\"@type\":\"PropertyValueSpecification\",\"valueRequired\":true,\"valueName\":\"search_term_string\"}}],\"inLanguage\":\"fr-FR\"},{\"@type\":\"Organization\",\"@id\":\"https:\/\/telemusic.fr\/blog\/#organization\",\"name\":\"Foretsensations.fr\",\"url\":\"https:\/\/telemusic.fr\/blog\/\",\"logo\":{\"@type\":\"ImageObject\",\"inLanguage\":\"fr-FR\",\"@id\":\"https:\/\/telemusic.fr\/blog\/#\/schema\/logo\/image\/\",\"url\":\"https:\/\/telemusic.fr\/blog\/wp-content\/uploads\/2024\/12\/39.png\",\"contentUrl\":\"https:\/\/telemusic.fr\/blog\/wp-content\/uploads\/2024\/12\/39.png\",\"width\":500,\"height\":500,\"caption\":\"Foretsensations.fr\"},\"image\":{\"@id\":\"https:\/\/telemusic.fr\/blog\/#\/schema\/logo\/image\/\"}},{\"@type\":\"Person\",\"@id\":\"https:\/\/telemusic.fr\/blog\/#\/schema\/person\/ebdfc2389ecb15c2ebeb6defa81c3e9c\",\"name\":\"Claire Dupuis\",\"image\":{\"@type\":\"ImageObject\",\"inLanguage\":\"fr-FR\",\"@id\":\"https:\/\/telemusic.fr\/blog\/#\/schema\/person\/image\/\",\"url\":\"https:\/\/secure.gravatar.com\/avatar\/?s=96&d=mm&r=g\",\"contentUrl\":\"https:\/\/secure.gravatar.com\/avatar\/?s=96&d=mm&r=g\",\"caption\":\"Claire Dupuis\"},\"description\":\"Journaliste sp\u00e9cialis\u00e9e en actualit\u00e9 musicale, Claire couvre les sorties d\u2019albums, les concerts, et les interviews d\u2019artistes populaires.\",\"url\":\"https:\/\/telemusic.fr\/blog\/auteur\/claire-dupuis\/\"}]}<\/script>\n<!-- \/ Yoast SEO Premium plugin. -->","yoast_head_json":{"title":"PLK au Stade de France : deux concerts les 4 et 5 septembre","description":"PLK investit le Stade de France pour la premi\u00e8re fois, les 4 et 5 septembre \u00e0 20 h : album Grand Gar\u00e7on, invit\u00e9s surprises, pop-up store et conseils transport.","robots":{"index":"index","follow":"follow","max-snippet":"max-snippet:-1","max-image-preview":"max-image-preview:large","max-video-preview":"max-video-preview:-1"},"canonical":"https:\/\/telemusic.fr\/blog\/actualites-musicales\/plk-au-stade-de-france-ce-soir-et-demain-deux-premieres-historiques-pour-le-rappeur-parisien\/","og_locale":"fr_FR","og_type":"article","og_title":"PLK au Stade de France : deux concerts les 4 et 5 septembre","og_description":"PLK investit le Stade de France pour la premi\u00e8re fois, les 4 et 5 septembre \u00e0 20 h : album Grand Gar\u00e7on, invit\u00e9s surprises, pop-up store et conseils transport.","og_url":"https:\/\/telemusic.fr\/blog\/actualites-musicales\/plk-au-stade-de-france-ce-soir-et-demain-deux-premieres-historiques-pour-le-rappeur-parisien\/","og_site_name":"telemusic.","author":"Claire Dupuis","twitter_card":"summary_large_image","schema":{"@context":"https:\/\/schema.org","@graph":[{"@type":"NewsArticle","@id":"https:\/\/telemusic.fr\/blog\/actualites-musicales\/plk-au-stade-de-france-ce-soir-et-demain-deux-premieres-historiques-pour-le-rappeur-parisien\/#article","isPartOf":{"@id":"https:\/\/telemusic.fr\/blog\/actualites-musicales\/plk-au-stade-de-france-ce-soir-et-demain-deux-premieres-historiques-pour-le-rappeur-parisien\/"},"author":{"name":"Claire Dupuis","@id":"https:\/\/telemusic.fr\/blog\/#\/schema\/person\/ebdfc2389ecb15c2ebeb6defa81c3e9c"},"headline":"PLK au Stade de France ce soir et demain : deux premi\u00e8res historiques pour le rappeur parisien","datePublished":"2026-09-04T08:19:46+00:00","mainEntityOfPage":{"@id":"https:\/\/telemusic.fr\/blog\/actualites-musicales\/plk-au-stade-de-france-ce-soir-et-demain-deux-premieres-historiques-pour-le-rappeur-parisien\/"},"wordCount":954,"commentCount":0,"publisher":{"@id":"https:\/\/telemusic.fr\/blog\/#organization"},"image":{"@id":"https:\/\/telemusic.fr\/blog\/actualites-musicales\/plk-au-stade-de-france-ce-soir-et-demain-deux-premieres-historiques-pour-le-rappeur-parisien\/#primaryimage"},"thumbnailUrl":"https:\/\/telemusic.fr\/blog\/wp-content\/uploads\/2026\/09\/pf8162-scaled.jpg","articleSection":["Actualit\u00e9s Musicales"],"inLanguage":"fr-FR","potentialAction":[{"@type":"CommentAction","name":"Comment","target":["https:\/\/telemusic.fr\/blog\/actualites-musicales\/plk-au-stade-de-france-ce-soir-et-demain-deux-premieres-historiques-pour-le-rappeur-parisien\/#respond"]}]},{"@type":"WebPage","@id":"https:\/\/telemusic.fr\/blog\/actualites-musicales\/plk-au-stade-de-france-ce-soir-et-demain-deux-premieres-historiques-pour-le-rappeur-parisien\/","url":"https:\/\/telemusic.fr\/blog\/actualites-musicales\/plk-au-stade-de-france-ce-soir-et-demain-deux-premieres-historiques-pour-le-rappeur-parisien\/","name":"PLK au Stade de France : deux concerts les 4 et 5 septembre","isPartOf":{"@id":"https:\/\/telemusic.fr\/blog\/#website"},"primaryImageOfPage":{"@id":"https:\/\/telemusic.fr\/blog\/actualites-musicales\/plk-au-stade-de-france-ce-soir-et-demain-deux-premieres-historiques-pour-le-rappeur-parisien\/#primaryimage"},"image":{"@id":"https:\/\/telemusic.fr\/blog\/actualites-musicales\/plk-au-stade-de-france-ce-soir-et-demain-deux-premieres-historiques-pour-le-rappeur-parisien\/#primaryimage"},"thumbnailUrl":"https:\/\/telemusic.fr\/blog\/wp-content\/uploads\/2026\/09\/pf8162-scaled.jpg","datePublished":"2026-09-04T08:19:46+00:00","description":"PLK investit le Stade de France pour la premi\u00e8re fois, les 4 et 5 septembre \u00e0 20 h : album Grand Gar\u00e7on, invit\u00e9s surprises, pop-up store et conseils transport.","inLanguage":"fr-FR","potentialAction":[{"@type":"ReadAction","target":["https:\/\/telemusic.fr\/blog\/actualites-musicales\/plk-au-stade-de-france-ce-soir-et-demain-deux-premieres-historiques-pour-le-rappeur-parisien\/"]}]},{"@type":"ImageObject","inLanguage":"fr-FR","@id":"https:\/\/telemusic.fr\/blog\/actualites-musicales\/plk-au-stade-de-france-ce-soir-et-demain-deux-premieres-historiques-pour-le-rappeur-parisien\/#primaryimage","url":"https:\/\/telemusic.fr\/blog\/wp-content\/uploads\/2026\/09\/pf8162-scaled.jpg","contentUrl":"https:\/\/telemusic.fr\/blog\/wp-content\/uploads\/2026\/09\/pf8162-scaled.jpg","width":1200,"height":800},{"@type":"WebSite","@id":"https:\/\/telemusic.fr\/blog\/#website","url":"https:\/\/telemusic.fr\/blog\/","name":"telemusic.fr","description":"La symphonie des m\u00e9dias.","publisher":{"@id":"https:\/\/telemusic.fr\/blog\/#organization"},"alternateName":"La symphonie des m\u00e9dias.","potentialAction":[{"@type":"SearchAction","target":{"@type":"EntryPoint","urlTemplate":"https:\/\/telemusic.fr\/blog\/?s={search_term_string}"},"query-input":{"@type":"PropertyValueSpecification","valueRequired":true,"valueName":"search_term_string"}}],"inLanguage":"fr-FR"},{"@type":"Organization","@id":"https:\/\/telemusic.fr\/blog\/#organization","name":"Foretsensations.fr","url":"https:\/\/telemusic.fr\/blog\/","logo":{"@type":"ImageObject","inLanguage":"fr-FR","@id":"https:\/\/telemusic.fr\/blog\/#\/schema\/logo\/image\/","url":"https:\/\/telemusic.fr\/blog\/wp-content\/uploads\/2024\/12\/39.png","contentUrl":"https:\/\/telemusic.fr\/blog\/wp-content\/uploads\/2024\/12\/39.png","width":500,"height":500,"caption":"Foretsensations.fr"},"image":{"@id":"https:\/\/telemusic.fr\/blog\/#\/schema\/logo\/image\/"}},{"@type":"Person","@id":"https:\/\/telemusic.fr\/blog\/#\/schema\/person\/ebdfc2389ecb15c2ebeb6defa81c3e9c","name":"Claire Dupuis","image":{"@type":"ImageObject","inLanguage":"fr-FR","@id":"https:\/\/telemusic.fr\/blog\/#\/schema\/person\/image\/","url":"https:\/\/secure.gravatar.com\/avatar\/?s=96&d=mm&r=g","contentUrl":"https:\/\/secure.gravatar.com\/avatar\/?s=96&d=mm&r=g","caption":"Claire Dupuis"},"description":"Journaliste sp\u00e9cialis\u00e9e en actualit\u00e9 musicale, Claire couvre les sorties d\u2019albums, les concerts, et les interviews d\u2019artistes populaires.","url":"https:\/\/telemusic.fr\/blog\/auteur\/claire-dupuis\/"}]}},"_links":{"self":[{"href":"https:\/\/telemusic.fr\/blog\/wp-json\/wp\/v2\/posts\/8162","targetHints":{"allow":["GET"]}}],"collection":[{"href":"https:\/\/telemusic.fr\/blog\/wp-json\/wp\/v2\/posts"}],"about":[{"href":"https:\/\/telemusic.fr\/blog\/wp-json\/wp\/v2\/types\/post"}],"author":[{"embeddable":true,"href":"https:\/\/telemusic.fr\/blog\/wp-json\/wp\/v2\/users\/41"}],"replies":[{"embeddable":true,"href":"https:\/\/telemusic.fr\/blog\/wp-json\/wp\/v2\/comments?post=8162"}],"version-history":[{"count":0,"href":"https:\/\/telemusic.fr\/blog\/wp-json\/wp\/v2\/posts\/8162\/revisions"}],"wp:featuredmedia":[{"embeddable":true,"href":"https:\/\/telemusic.fr\/blog\/wp-json\/wp\/v2\/media\/8163"}],"wp:attachment":[{"href":"https:\/\/telemusic.fr\/blog\/wp-json\/wp\/v2\/media?parent=8162"}],"wp:term":[{"taxonomy":"category","embeddable":true,"href":"https:\/\/telemusic.fr\/blog\/wp-json\/wp\/v2\/categories?post=8162"},{"taxonomy":"post_tag","embeddable":true,"href":"https:\/\/telemusic.fr\/blog\/wp-json\/wp\/v2\/tags?post=8162"}],"curies":[{"name":"wp","href":"https:\/\/api.w.org\/{rel}","templated":true}]}}