{"id":8164,"date":"2026-09-05T18:57:28","date_gmt":"2026-09-05T16:57:28","guid":{"rendered":"https:\/\/telemusic.fr\/blog\/actualites-musicales\/the-voice-kids-ce-soir-sur-tf1-episode-3-des-auditions-avec-alec-avant-leurovision-junior\/"},"modified":"2026-09-05T18:57:28","modified_gmt":"2026-09-05T16:57:28","slug":"the-voice-kids-ce-soir-sur-tf1-episode-3-des-auditions-avec-alec-avant-leurovision-junior","status":"publish","type":"post","link":"https:\/\/telemusic.fr\/blog\/actualites-musicales\/the-voice-kids-ce-soir-sur-tf1-episode-3-des-auditions-avec-alec-avant-leurovision-junior\/","title":{"rendered":"The Voice Kids ce soir sur TF1 : \u00e9pisode 3 des auditions, avec Alec avant l&rsquo;Eurovision Junior"},"content":{"rendered":"<p><strong>The Voice Kids est bien diffus\u00e9 ce soir, samedi 5 septembre 2026, \u00e0 21h10 sur TF1 : place au troisi\u00e8me \u00e9pisode de la saison 12, troisi\u00e8me soir\u00e9e d\u2019auditions \u00e0 l\u2019aveugle, \u00e9galement disponible en replay sur TF1+.<\/strong><\/p>\n<div class=\"encart-en-bref\">\n<h2>En bref<\/h2>\n<ul>\n<li><strong>Ce soir<\/strong> : The Voice Kids, samedi 5 septembre 2026 \u00e0 21h10 sur TF1, \u00e9pisode 3 de la saison 12 (replay sur TF1+).<\/li>\n<li><strong>Au programme<\/strong> : la suite des auditions \u00e0 l\u2019aveugle, avec des coachs qui continuent de b\u00e2tir leurs \u00e9quipes.<\/li>\n<li><strong>Coachs<\/strong> : Patrick Fiori, Santa, Soprano et M. Pokora \u2014 un jury identique \u00e0 la saison 11, une premi\u00e8re depuis 2019.<\/li>\n<li><strong>\u00c0 suivre<\/strong> : Alec, 12 ans, futur repr\u00e9sentant de la France \u00e0 l\u2019Eurovision Junior 2026, tente sa chance ce soir.<\/li>\n<\/ul>\n<\/div>\n<h2>\u00c0 quelle heure et sur quelle cha\u00eene regarder The Voice Kids ce soir ?<\/h2>\n<p>La r\u00e9ponse tient en une ligne : la diffusion d\u00e9marre \u00e0 <strong>21h10 sur TF1<\/strong>, ce samedi 5 septembre 2026, comme le confirment <a href=\"https:\/\/www.stars-actu.fr\/2026\/09\/the-voice-kids-du-5-septembre-2026-la-suite-des-auditions-a-laveugle-ce-soir-sur-tf1-extrait-video\/\" rel=\"nofollow\">Stars Actu<\/a> et la fiche de la saison. Il s\u2019agit du <strong>troisi\u00e8me \u00e9pisode de la saison 12<\/strong>, donc de la troisi\u00e8me soir\u00e9e d\u2019auditions \u00e0 l\u2019aveugle : les fauteuils tournent dos \u00e0 la sc\u00e8ne, les coachs n\u2019entendent que la voix, et chaque buzz engage un peu plus des \u00e9quipes d\u00e9j\u00e0 bien entam\u00e9es.<\/p>\n<p>Nikos Aliagas anime la soir\u00e9e, accompagn\u00e9 de Styleto, qui a remplac\u00e9 Karine Ferri cette saison. Pour ceux qui ne sont pas devant leur \u00e9cran \u00e0 21h10, l\u2019\u00e9pisode est propos\u00e9 en replay sur TF1+ apr\u00e8s la diffusion, et la suite de la saison reste programm\u00e9e les samedis suivants dans la m\u00eame case horaire. Si vous aimez ce type de rendez-vous, notre tour d\u2019horizon des <a href=\"https:\/\/telemusic.fr\/blog\/a-la-une\/les-meilleures-emissions-de-tele-sur-la-musique-un-voyage-captivant\/\">meilleures \u00e9missions de t\u00e9l\u00e9 consacr\u00e9es \u00e0 la musique<\/a> replace The Voice Kids dans la grande famille des t\u00e9l\u00e9-crochets.<\/p>\n<h2>Un quatuor de coachs reconduit, une premi\u00e8re depuis 2019<\/h2>\n<p>La saison 12 repose sur un quatuor stable : <strong>Patrick Fiori, Santa, Soprano et M. Pokora<\/strong>. C\u2019est exactement le m\u00eame jury que la saison 11, une configuration inchang\u00e9e pour la premi\u00e8re fois depuis 2019. Pour les t\u00e9l\u00e9spectateurs, cela cr\u00e9e une vraie continuit\u00e9 : quatre univers musicaux diff\u00e9rents, des habitudes de jeu bien install\u00e9es et une complicit\u00e9 qui nourrit les \u00e9changes entre les fauteuils.<\/p>\n<table>\n<tr>\n<th>Coach<\/th>\n<th>Situation dans la saison 12<\/th>\n<\/tr>\n<tr>\n<td><strong>Patrick Fiori<\/strong><\/td>\n<td>Coach historique du programme : il vit sa 11e saison et compte 5 troph\u00e9es \u00e0 son palmar\u00e8s.<\/td>\n<\/tr>\n<tr>\n<td><strong>Santa<\/strong><\/td>\n<td>Deuxi\u00e8me saison dans le fauteuil rouge : arriv\u00e9e en 2025, elle est reconduite avec l\u2019ensemble du jury.<\/td>\n<\/tr>\n<tr>\n<td><strong>Soprano<\/strong><\/td>\n<td>Membre du jury reconduit de la saison 11, habitu\u00e9 du plateau et des jeunes voix.<\/td>\n<\/tr>\n<tr>\n<td><strong>M. Pokora<\/strong><\/td>\n<td>\u00c9galement reconduit, il compl\u00e8te le quatuor identique \u00e0 celui de la saison pr\u00e9c\u00e9dente.<\/td>\n<\/tr>\n<\/table>\n<h3>Gages, block et appel \u00e0 un ami : les nouveaut\u00e9s de la saison<\/h3>\n<p>Cette saison 12 a introduit plusieurs m\u00e9caniques in\u00e9dites qui pimentent les auditions \u00e0 l\u2019aveugle. Les <strong>\u00ab gages \u00bb<\/strong> imposent des d\u00e9fis aux coachs entre deux prestations. Le <strong>\u00ab block \u00bb<\/strong> permet de bloquer un fauteuil adverse pour emp\u00eacher un concurrent de r\u00e9cup\u00e9rer un talent convoit\u00e9. Enfin, <strong>\u00ab l\u2019appel \u00e0 un ami \u00bb<\/strong> fait intervenir une personnalit\u00e9 par message vid\u00e9o pour appuyer l\u2019argumentaire d\u2019un coach aupr\u00e8s d\u2019un talent h\u00e9sitant. Autant d\u2019outils strat\u00e9giques qui rendent chaque buzz plus disput\u00e9, alors que la saison r\u00e9unit une soixantaine de talents \u00e2g\u00e9s de 6 \u00e0 15 ans.<\/p>\n<h2>Alec, futur repr\u00e9sentant de la France \u00e0 l\u2019Eurovision Junior, tente sa chance<\/h2>\n<p>C\u2019est le passage le plus attendu de la soir\u00e9e c\u00f4t\u00e9 actualit\u00e9 musicale : <strong>Alec, 12 ans<\/strong>, d\u00e9sign\u00e9 pour repr\u00e9senter la France \u00e0 l\u2019<strong>Eurovision Junior 2026<\/strong>, pr\u00e9vu le 24 octobre \u00e0 Malte, se pr\u00e9sente ce soir aux auditions \u00e0 l\u2019aveugle. Selon <a href=\"https:\/\/eurovoix.com\/2026\/09\/02\/france-alec-competing-the-voice-kids-2026\/\" rel=\"nofollow\">Eurovoix<\/a> et <a href=\"https:\/\/svr004.radioscoop.com\/people\/avant-l-eurovision-junior-alec-passe-par-l-etape-the-voice-kids_362865\" rel=\"nofollow\">Radio Scoop<\/a>, il a choisi d\u2019interpr\u00e9ter \u00ab \u00c9ternel \u00bb de Hatik pour convaincre les coachs de se retourner.<\/p>\n<p>Voir un futur candidat de l\u2019Eurovision Junior passer par la case t\u00e9l\u00e9-crochet illustre bien la porosit\u00e9 entre ces deux sc\u00e8nes : le concours europ\u00e9en reste un tremplin scrut\u00e9 par toute la fili\u00e8re musicale fran\u00e7aise, comme l\u2019a montr\u00e9 le parcours de Bilal Hassani, pass\u00e9 par l\u2019Eurovision et qui vient de <a href=\"https:\/\/telemusic.fr\/blog\/actualites-musicales\/bilal-hassani-sort-bonsoir-paris-et-annonce-le-bonsoir-tour\/\">sortir \u00ab Bonsoir Paris \u00bb et d\u2019annoncer une tourn\u00e9e<\/a>. Pour les jeunes chanteurs qui se lancent, tout commence souvent par un r\u00e9pertoire accessible : notre s\u00e9lection de <a href=\"https:\/\/telemusic.fr\/blog\/guides-et-conseils-musique\/chanson-francaise-facile-a-chanter-karaoke\/\">chansons fran\u00e7aises faciles \u00e0 chanter<\/a> donne une id\u00e9e des titres par lesquels d\u00e9buter.<\/p>\n<h2>Des audiences solides pour le samedi soir<\/h2>\n<p>Le t\u00e9l\u00e9-crochet jeunesse de TF1 confirme son statut de valeur s\u00fbre du samedi soir : l\u2019\u00e9pisode 1, diffus\u00e9 le 22 ao\u00fbt, a r\u00e9uni <strong>2,6 millions de t\u00e9l\u00e9spectateurs<\/strong> (17,3 % de part d\u2019audience), et l\u2019\u00e9pisode 2 du 29 ao\u00fbt s\u2019est maintenu autour de 2,6 millions \u00e9galement. La soir\u00e9e de ce 5 septembre s\u2019inscrit dans cette continuit\u00e9, avec une comp\u00e9tition qui monte d\u2019un cran \u00e0 mesure que les places dans les \u00e9quipes se rar\u00e9fient.<\/p>\n<h2>Questions fr\u00e9quentes<\/h2>\n<details>\n<summary>\u00c0 quelle heure commence The Voice Kids ce soir sur TF1 ?<\/summary>\n<p>L\u2019\u00e9mission commence \u00e0 21h10 ce samedi 5 septembre 2026 sur TF1. L\u2019\u00e9pisode est ensuite disponible en replay sur la plateforme TF1+.<\/p>\n<\/details>\n<details>\n<summary>Quel \u00e9pisode de The Voice Kids est diffus\u00e9 le 5 septembre 2026 ?<\/summary>\n<p>Il s\u2019agit du troisi\u00e8me \u00e9pisode de la saison 12, c\u2019est-\u00e0-dire la troisi\u00e8me soir\u00e9e d\u2019auditions \u00e0 l\u2019aveugle. Les coachs poursuivent la constitution de leurs \u00e9quipes parmi une soixantaine de talents \u00e2g\u00e9s de 6 \u00e0 15 ans.<\/p>\n<\/details>\n<details>\n<summary>Qui sont les coachs de The Voice Kids saison 12 ?<\/summary>\n<p>Le jury r\u00e9unit Patrick Fiori, Santa, Soprano et M. Pokora, un quatuor identique \u00e0 celui de la saison 11 \u2014 une premi\u00e8re depuis 2019. L\u2019\u00e9mission est anim\u00e9e par Nikos Aliagas, accompagn\u00e9 de Styleto.<\/p>\n<\/details>\n<h2>\u00c0 retenir<\/h2>\n<p>The Voice Kids ce soir, c\u2019est \u00e0 <strong>21h10 sur TF1<\/strong>, avec l\u2019\u00e9pisode 3 de la saison 12 et la suite des auditions \u00e0 l\u2019aveugle, en replay sur TF1+. Le jury Patrick Fiori, Santa, Soprano et M. Pokora est reconduit \u00e0 l\u2019identique, Nikos Aliagas et Styleto sont aux commandes, et la soir\u00e9e sera notamment marqu\u00e9e par le passage d\u2019Alec, 12 ans, qui repr\u00e9sentera la France \u00e0 l\u2019Eurovision Junior le 24 octobre \u00e0 Malte. Entre gages, block et appel \u00e0 un ami, les coachs disposent de nouvelles armes pour se disputer les voix qui feront la suite de la saison.<\/p>\n<p><script type=\"application\/ld+json\">{\"@context\":\"https:\/\/schema.org\",\"@type\":\"FAQPage\",\"mainEntity\":[{\"@type\":\"Question\",\"name\":\"\u00c0 quelle heure commence The Voice Kids ce soir sur TF1 ?\",\"acceptedAnswer\":{\"@type\":\"Answer\",\"text\":\"L\u2019\u00e9mission commence \u00e0 21h10 ce samedi 5 septembre 2026 sur TF1. L\u2019\u00e9pisode est ensuite disponible en replay sur la plateforme TF1+.\"}},{\"@type\":\"Question\",\"name\":\"Quel \u00e9pisode de The Voice Kids est diffus\u00e9 le 5 septembre 2026 ?\",\"acceptedAnswer\":{\"@type\":\"Answer\",\"text\":\"Il s\u2019agit du troisi\u00e8me \u00e9pisode de la saison 12, c\u2019est-\u00e0-dire la troisi\u00e8me soir\u00e9e d\u2019auditions \u00e0 l\u2019aveugle. Les coachs poursuivent la constitution de leurs \u00e9quipes parmi une soixantaine de talents \u00e2g\u00e9s de 6 \u00e0 15 ans.\"}},{\"@type\":\"Question\",\"name\":\"Qui sont les coachs de The Voice Kids saison 12 ?\",\"acceptedAnswer\":{\"@type\":\"Answer\",\"text\":\"Le jury r\u00e9unit Patrick Fiori, Santa, Soprano et M. Pokora, un quatuor identique \u00e0 celui de la saison 11 \u2014 une premi\u00e8re depuis 2019. L\u2019\u00e9mission est anim\u00e9e par Nikos Aliagas, accompagn\u00e9 de Styleto.\"}}]}<\/script><\/p>\n","protected":false},"excerpt":{"rendered":"","protected":false},"author":42,"featured_media":8165,"comment_status":"open","ping_status":"open","sticky":false,"template":"","format":"standard","meta":{"_acf_changed":false,"manual_indexmenow":false,"indexmenow_id_project":0,"footnotes":""},"categories":[4522],"tags":[],"class_list":["post-8164","post","type-post","status-publish","format-standard","has-post-thumbnail","hentry","category-actualites-musicales","generate-columns","tablet-grid-50","mobile-grid-100","grid-parent","grid-25"],"acf":[],"yoast_head":"<!-- This site is optimized with the Yoast SEO Premium plugin v21.3 (Yoast SEO v25.4) - https:\/\/yoast.com\/wordpress\/plugins\/seo\/ -->\n<title>The Voice Kids ce soir : \u00e9pisode 3 \u00e0 21h10 sur TF1<\/title>\n<meta name=\"description\" content=\"\u00c9pisode 3 de The Voice Kids ce samedi 5 septembre \u00e0 21h10 sur TF1 : auditions \u00e0 l&#039;aveugle, avec Alec, futur repr\u00e9sentant fran\u00e7ais \u00e0 l&#039;Eurovision Junior.\" \/>\n<meta name=\"robots\" content=\"index, follow, max-snippet:-1, max-image-preview:large, max-video-preview:-1\" \/>\n<link rel=\"canonical\" href=\"https:\/\/telemusic.fr\/blog\/actualites-musicales\/the-voice-kids-ce-soir-sur-tf1-episode-3-des-auditions-avec-alec-avant-leurovision-junior\/\" \/>\n<meta property=\"og:locale\" content=\"fr_FR\" \/>\n<meta property=\"og:type\" content=\"article\" \/>\n<meta property=\"og:title\" content=\"The Voice Kids ce soir : \u00e9pisode 3 \u00e0 21h10 sur TF1\" \/>\n<meta property=\"og:description\" content=\"\u00c9pisode 3 de The Voice Kids ce samedi 5 septembre \u00e0 21h10 sur TF1 : auditions \u00e0 l&#039;aveugle, avec Alec, futur repr\u00e9sentant fran\u00e7ais \u00e0 l&#039;Eurovision Junior.\" \/>\n<meta property=\"og:url\" content=\"https:\/\/telemusic.fr\/blog\/actualites-musicales\/the-voice-kids-ce-soir-sur-tf1-episode-3-des-auditions-avec-alec-avant-leurovision-junior\/\" \/>\n<meta property=\"og:site_name\" content=\"telemusic.\" \/>\n<meta property=\"og:image\" content=\"https:\/\/telemusic.fr\/blog\/wp-content\/uploads\/2026\/09\/pf8164-scaled.jpg\" \/>\n\t<meta property=\"og:image:width\" content=\"1200\" \/>\n\t<meta property=\"og:image:height\" content=\"800\" \/>\n\t<meta property=\"og:image:type\" content=\"image\/jpeg\" \/>\n<meta name=\"author\" content=\"Antoine Bernard\" \/>\n<meta name=\"twitter:card\" content=\"summary_large_image\" \/>\n<script type=\"application\/ld+json\" class=\"yoast-schema-graph\">{\"@context\":\"https:\/\/schema.org\",\"@graph\":[{\"@type\":\"NewsArticle\",\"@id\":\"https:\/\/telemusic.fr\/blog\/actualites-musicales\/the-voice-kids-ce-soir-sur-tf1-episode-3-des-auditions-avec-alec-avant-leurovision-junior\/#article\",\"isPartOf\":{\"@id\":\"https:\/\/telemusic.fr\/blog\/actualites-musicales\/the-voice-kids-ce-soir-sur-tf1-episode-3-des-auditions-avec-alec-avant-leurovision-junior\/\"},\"author\":{\"name\":\"Antoine Bernard\",\"@id\":\"https:\/\/telemusic.fr\/blog\/#\/schema\/person\/c0ae6942e0cc8b6ebd58dada6ee6c2af\"},\"headline\":\"The Voice Kids ce soir sur TF1 : \u00e9pisode 3 des auditions, avec Alec avant l&rsquo;Eurovision Junior\",\"datePublished\":\"2026-09-05T16:57:28+00:00\",\"mainEntityOfPage\":{\"@id\":\"https:\/\/telemusic.fr\/blog\/actualites-musicales\/the-voice-kids-ce-soir-sur-tf1-episode-3-des-auditions-avec-alec-avant-leurovision-junior\/\"},\"wordCount\":1043,\"commentCount\":0,\"publisher\":{\"@id\":\"https:\/\/telemusic.fr\/blog\/#organization\"},\"image\":{\"@id\":\"https:\/\/telemusic.fr\/blog\/actualites-musicales\/the-voice-kids-ce-soir-sur-tf1-episode-3-des-auditions-avec-alec-avant-leurovision-junior\/#primaryimage\"},\"thumbnailUrl\":\"https:\/\/telemusic.fr\/blog\/wp-content\/uploads\/2026\/09\/pf8164-scaled.jpg\",\"articleSection\":[\"Actualit\u00e9s Musicales\"],\"inLanguage\":\"fr-FR\",\"potentialAction\":[{\"@type\":\"CommentAction\",\"name\":\"Comment\",\"target\":[\"https:\/\/telemusic.fr\/blog\/actualites-musicales\/the-voice-kids-ce-soir-sur-tf1-episode-3-des-auditions-avec-alec-avant-leurovision-junior\/#respond\"]}]},{\"@type\":\"WebPage\",\"@id\":\"https:\/\/telemusic.fr\/blog\/actualites-musicales\/the-voice-kids-ce-soir-sur-tf1-episode-3-des-auditions-avec-alec-avant-leurovision-junior\/\",\"url\":\"https:\/\/telemusic.fr\/blog\/actualites-musicales\/the-voice-kids-ce-soir-sur-tf1-episode-3-des-auditions-avec-alec-avant-leurovision-junior\/\",\"name\":\"The Voice Kids ce soir : \u00e9pisode 3 \u00e0 21h10 sur TF1\",\"isPartOf\":{\"@id\":\"https:\/\/telemusic.fr\/blog\/#website\"},\"primaryImageOfPage\":{\"@id\":\"https:\/\/telemusic.fr\/blog\/actualites-musicales\/the-voice-kids-ce-soir-sur-tf1-episode-3-des-auditions-avec-alec-avant-leurovision-junior\/#primaryimage\"},\"image\":{\"@id\":\"https:\/\/telemusic.fr\/blog\/actualites-musicales\/the-voice-kids-ce-soir-sur-tf1-episode-3-des-auditions-avec-alec-avant-leurovision-junior\/#primaryimage\"},\"thumbnailUrl\":\"https:\/\/telemusic.fr\/blog\/wp-content\/uploads\/2026\/09\/pf8164-scaled.jpg\",\"datePublished\":\"2026-09-05T16:57:28+00:00\",\"description\":\"\u00c9pisode 3 de The Voice Kids ce samedi 5 septembre \u00e0 21h10 sur TF1 : auditions \u00e0 l'aveugle, avec Alec, futur repr\u00e9sentant fran\u00e7ais \u00e0 l'Eurovision Junior.\",\"inLanguage\":\"fr-FR\",\"potentialAction\":[{\"@type\":\"ReadAction\",\"target\":[\"https:\/\/telemusic.fr\/blog\/actualites-musicales\/the-voice-kids-ce-soir-sur-tf1-episode-3-des-auditions-avec-alec-avant-leurovision-junior\/\"]}]},{\"@type\":\"ImageObject\",\"inLanguage\":\"fr-FR\",\"@id\":\"https:\/\/telemusic.fr\/blog\/actualites-musicales\/the-voice-kids-ce-soir-sur-tf1-episode-3-des-auditions-avec-alec-avant-leurovision-junior\/#primaryimage\",\"url\":\"https:\/\/telemusic.fr\/blog\/wp-content\/uploads\/2026\/09\/pf8164-scaled.jpg\",\"contentUrl\":\"https:\/\/telemusic.fr\/blog\/wp-content\/uploads\/2026\/09\/pf8164-scaled.jpg\",\"width\":1200,\"height\":800},{\"@type\":\"WebSite\",\"@id\":\"https:\/\/telemusic.fr\/blog\/#website\",\"url\":\"https:\/\/telemusic.fr\/blog\/\",\"name\":\"telemusic.fr\",\"description\":\"La symphonie des m\u00e9dias.\",\"publisher\":{\"@id\":\"https:\/\/telemusic.fr\/blog\/#organization\"},\"alternateName\":\"La symphonie des m\u00e9dias.\",\"potentialAction\":[{\"@type\":\"SearchAction\",\"target\":{\"@type\":\"EntryPoint\",\"urlTemplate\":\"https:\/\/telemusic.fr\/blog\/?s={search_term_string}\"},\"query-input\":{\"@type\":\"PropertyValueSpecification\",\"valueRequired\":true,\"valueName\":\"search_term_string\"}}],\"inLanguage\":\"fr-FR\"},{\"@type\":\"Organization\",\"@id\":\"https:\/\/telemusic.fr\/blog\/#organization\",\"name\":\"Foretsensations.fr\",\"url\":\"https:\/\/telemusic.fr\/blog\/\",\"logo\":{\"@type\":\"ImageObject\",\"inLanguage\":\"fr-FR\",\"@id\":\"https:\/\/telemusic.fr\/blog\/#\/schema\/logo\/image\/\",\"url\":\"https:\/\/telemusic.fr\/blog\/wp-content\/uploads\/2024\/12\/39.png\",\"contentUrl\":\"https:\/\/telemusic.fr\/blog\/wp-content\/uploads\/2024\/12\/39.png\",\"width\":500,\"height\":500,\"caption\":\"Foretsensations.fr\"},\"image\":{\"@id\":\"https:\/\/telemusic.fr\/blog\/#\/schema\/logo\/image\/\"}},{\"@type\":\"Person\",\"@id\":\"https:\/\/telemusic.fr\/blog\/#\/schema\/person\/c0ae6942e0cc8b6ebd58dada6ee6c2af\",\"name\":\"Antoine Bernard\",\"image\":{\"@type\":\"ImageObject\",\"inLanguage\":\"fr-FR\",\"@id\":\"https:\/\/telemusic.fr\/blog\/#\/schema\/person\/image\/\",\"url\":\"https:\/\/secure.gravatar.com\/avatar\/?s=96&d=mm&r=g\",\"contentUrl\":\"https:\/\/secure.gravatar.com\/avatar\/?s=96&d=mm&r=g\",\"caption\":\"Antoine Bernard\"},\"description\":\"Compositeur de musiques libres de droits, Antoine offre des conseils aux cr\u00e9ateurs de contenu (vid\u00e9astes, podcasteurs) pour int\u00e9grer de la musique dans leurs projets.\",\"sameAs\":[\"https:\/\/bernardantoine.fr\/\"],\"url\":\"https:\/\/telemusic.fr\/blog\/auteur\/antoine-bernard\/\",\"jobTitle\":\"Contributeur m\u00e9canique\",\"email\":\"antoine.bernard@autosmythiques57.fr\"}]}<\/script>\n<!-- \/ Yoast SEO Premium plugin. -->","yoast_head_json":{"title":"The Voice Kids ce soir : \u00e9pisode 3 \u00e0 21h10 sur TF1","description":"\u00c9pisode 3 de The Voice Kids ce samedi 5 septembre \u00e0 21h10 sur TF1 : auditions \u00e0 l'aveugle, avec Alec, futur repr\u00e9sentant fran\u00e7ais \u00e0 l'Eurovision Junior.","robots":{"index":"index","follow":"follow","max-snippet":"max-snippet:-1","max-image-preview":"max-image-preview:large","max-video-preview":"max-video-preview:-1"},"canonical":"https:\/\/telemusic.fr\/blog\/actualites-musicales\/the-voice-kids-ce-soir-sur-tf1-episode-3-des-auditions-avec-alec-avant-leurovision-junior\/","og_locale":"fr_FR","og_type":"article","og_title":"The Voice Kids ce soir : \u00e9pisode 3 \u00e0 21h10 sur TF1","og_description":"\u00c9pisode 3 de The Voice Kids ce samedi 5 septembre \u00e0 21h10 sur TF1 : auditions \u00e0 l'aveugle, avec Alec, futur repr\u00e9sentant fran\u00e7ais \u00e0 l'Eurovision Junior.","og_url":"https:\/\/telemusic.fr\/blog\/actualites-musicales\/the-voice-kids-ce-soir-sur-tf1-episode-3-des-auditions-avec-alec-avant-leurovision-junior\/","og_site_name":"telemusic.","og_image":[{"width":1200,"height":800,"url":"https:\/\/telemusic.fr\/blog\/wp-content\/uploads\/2026\/09\/pf8164-scaled.jpg","type":"image\/jpeg"}],"author":"Antoine Bernard","twitter_card":"summary_large_image","schema":{"@context":"https:\/\/schema.org","@graph":[{"@type":"NewsArticle","@id":"https:\/\/telemusic.fr\/blog\/actualites-musicales\/the-voice-kids-ce-soir-sur-tf1-episode-3-des-auditions-avec-alec-avant-leurovision-junior\/#article","isPartOf":{"@id":"https:\/\/telemusic.fr\/blog\/actualites-musicales\/the-voice-kids-ce-soir-sur-tf1-episode-3-des-auditions-avec-alec-avant-leurovision-junior\/"},"author":{"name":"Antoine Bernard","@id":"https:\/\/telemusic.fr\/blog\/#\/schema\/person\/c0ae6942e0cc8b6ebd58dada6ee6c2af"},"headline":"The Voice Kids ce soir sur TF1 : \u00e9pisode 3 des auditions, avec Alec avant l&rsquo;Eurovision Junior","datePublished":"2026-09-05T16:57:28+00:00","mainEntityOfPage":{"@id":"https:\/\/telemusic.fr\/blog\/actualites-musicales\/the-voice-kids-ce-soir-sur-tf1-episode-3-des-auditions-avec-alec-avant-leurovision-junior\/"},"wordCount":1043,"commentCount":0,"publisher":{"@id":"https:\/\/telemusic.fr\/blog\/#organization"},"image":{"@id":"https:\/\/telemusic.fr\/blog\/actualites-musicales\/the-voice-kids-ce-soir-sur-tf1-episode-3-des-auditions-avec-alec-avant-leurovision-junior\/#primaryimage"},"thumbnailUrl":"https:\/\/telemusic.fr\/blog\/wp-content\/uploads\/2026\/09\/pf8164-scaled.jpg","articleSection":["Actualit\u00e9s Musicales"],"inLanguage":"fr-FR","potentialAction":[{"@type":"CommentAction","name":"Comment","target":["https:\/\/telemusic.fr\/blog\/actualites-musicales\/the-voice-kids-ce-soir-sur-tf1-episode-3-des-auditions-avec-alec-avant-leurovision-junior\/#respond"]}]},{"@type":"WebPage","@id":"https:\/\/telemusic.fr\/blog\/actualites-musicales\/the-voice-kids-ce-soir-sur-tf1-episode-3-des-auditions-avec-alec-avant-leurovision-junior\/","url":"https:\/\/telemusic.fr\/blog\/actualites-musicales\/the-voice-kids-ce-soir-sur-tf1-episode-3-des-auditions-avec-alec-avant-leurovision-junior\/","name":"The Voice Kids ce soir : \u00e9pisode 3 \u00e0 21h10 sur TF1","isPartOf":{"@id":"https:\/\/telemusic.fr\/blog\/#website"},"primaryImageOfPage":{"@id":"https:\/\/telemusic.fr\/blog\/actualites-musicales\/the-voice-kids-ce-soir-sur-tf1-episode-3-des-auditions-avec-alec-avant-leurovision-junior\/#primaryimage"},"image":{"@id":"https:\/\/telemusic.fr\/blog\/actualites-musicales\/the-voice-kids-ce-soir-sur-tf1-episode-3-des-auditions-avec-alec-avant-leurovision-junior\/#primaryimage"},"thumbnailUrl":"https:\/\/telemusic.fr\/blog\/wp-content\/uploads\/2026\/09\/pf8164-scaled.jpg","datePublished":"2026-09-05T16:57:28+00:00","description":"\u00c9pisode 3 de The Voice Kids ce samedi 5 septembre \u00e0 21h10 sur TF1 : auditions \u00e0 l'aveugle, avec Alec, futur repr\u00e9sentant fran\u00e7ais \u00e0 l'Eurovision Junior.","inLanguage":"fr-FR","potentialAction":[{"@type":"ReadAction","target":["https:\/\/telemusic.fr\/blog\/actualites-musicales\/the-voice-kids-ce-soir-sur-tf1-episode-3-des-auditions-avec-alec-avant-leurovision-junior\/"]}]},{"@type":"ImageObject","inLanguage":"fr-FR","@id":"https:\/\/telemusic.fr\/blog\/actualites-musicales\/the-voice-kids-ce-soir-sur-tf1-episode-3-des-auditions-avec-alec-avant-leurovision-junior\/#primaryimage","url":"https:\/\/telemusic.fr\/blog\/wp-content\/uploads\/2026\/09\/pf8164-scaled.jpg","contentUrl":"https:\/\/telemusic.fr\/blog\/wp-content\/uploads\/2026\/09\/pf8164-scaled.jpg","width":1200,"height":800},{"@type":"WebSite","@id":"https:\/\/telemusic.fr\/blog\/#website","url":"https:\/\/telemusic.fr\/blog\/","name":"telemusic.fr","description":"La symphonie des m\u00e9dias.","publisher":{"@id":"https:\/\/telemusic.fr\/blog\/#organization"},"alternateName":"La symphonie des m\u00e9dias.","potentialAction":[{"@type":"SearchAction","target":{"@type":"EntryPoint","urlTemplate":"https:\/\/telemusic.fr\/blog\/?s={search_term_string}"},"query-input":{"@type":"PropertyValueSpecification","valueRequired":true,"valueName":"search_term_string"}}],"inLanguage":"fr-FR"},{"@type":"Organization","@id":"https:\/\/telemusic.fr\/blog\/#organization","name":"Foretsensations.fr","url":"https:\/\/telemusic.fr\/blog\/","logo":{"@type":"ImageObject","inLanguage":"fr-FR","@id":"https:\/\/telemusic.fr\/blog\/#\/schema\/logo\/image\/","url":"https:\/\/telemusic.fr\/blog\/wp-content\/uploads\/2024\/12\/39.png","contentUrl":"https:\/\/telemusic.fr\/blog\/wp-content\/uploads\/2024\/12\/39.png","width":500,"height":500,"caption":"Foretsensations.fr"},"image":{"@id":"https:\/\/telemusic.fr\/blog\/#\/schema\/logo\/image\/"}},{"@type":"Person","@id":"https:\/\/telemusic.fr\/blog\/#\/schema\/person\/c0ae6942e0cc8b6ebd58dada6ee6c2af","name":"Antoine Bernard","image":{"@type":"ImageObject","inLanguage":"fr-FR","@id":"https:\/\/telemusic.fr\/blog\/#\/schema\/person\/image\/","url":"https:\/\/secure.gravatar.com\/avatar\/?s=96&d=mm&r=g","contentUrl":"https:\/\/secure.gravatar.com\/avatar\/?s=96&d=mm&r=g","caption":"Antoine Bernard"},"description":"Compositeur de musiques libres de droits, Antoine offre des conseils aux cr\u00e9ateurs de contenu (vid\u00e9astes, podcasteurs) pour int\u00e9grer de la musique dans leurs projets.","sameAs":["https:\/\/bernardantoine.fr\/"],"url":"https:\/\/telemusic.fr\/blog\/auteur\/antoine-bernard\/","jobTitle":"Contributeur m\u00e9canique","email":"antoine.bernard@autosmythiques57.fr"}]}},"_links":{"self":[{"href":"https:\/\/telemusic.fr\/blog\/wp-json\/wp\/v2\/posts\/8164","targetHints":{"allow":["GET"]}}],"collection":[{"href":"https:\/\/telemusic.fr\/blog\/wp-json\/wp\/v2\/posts"}],"about":[{"href":"https:\/\/telemusic.fr\/blog\/wp-json\/wp\/v2\/types\/post"}],"author":[{"embeddable":true,"href":"https:\/\/telemusic.fr\/blog\/wp-json\/wp\/v2\/users\/42"}],"replies":[{"embeddable":true,"href":"https:\/\/telemusic.fr\/blog\/wp-json\/wp\/v2\/comments?post=8164"}],"version-history":[{"count":0,"href":"https:\/\/telemusic.fr\/blog\/wp-json\/wp\/v2\/posts\/8164\/revisions"}],"wp:featuredmedia":[{"embeddable":true,"href":"https:\/\/telemusic.fr\/blog\/wp-json\/wp\/v2\/media\/8165"}],"wp:attachment":[{"href":"https:\/\/telemusic.fr\/blog\/wp-json\/wp\/v2\/media?parent=8164"}],"wp:term":[{"taxonomy":"category","embeddable":true,"href":"https:\/\/telemusic.fr\/blog\/wp-json\/wp\/v2\/categories?post=8164"},{"taxonomy":"post_tag","embeddable":true,"href":"https:\/\/telemusic.fr\/blog\/wp-json\/wp\/v2\/tags?post=8164"}],"curies":[{"name":"wp","href":"https:\/\/api.w.org\/{rel}","templated":true}]}}